{"id":1943,"date":"2021-08-26T19:49:06","date_gmt":"2021-08-26T22:49:06","guid":{"rendered":"https:\/\/pilt.com.ar\/parque-industrial\/?p=1943"},"modified":"2021-08-26T19:49:06","modified_gmt":"2021-08-26T22:49:06","slug":"la-secretaria-de-comercio-interior-de-la-nacion-visito-el-pilt","status":"publish","type":"post","link":"https:\/\/pilt.com.ar\/parque-industrial\/la-secretaria-de-comercio-interior-de-la-nacion-visito-el-pilt\/","title":{"rendered":"LA SECRETARIA DE COMERCIO INTERIOR DE LA NACI\u00d3N VISIT\u00d3 EL PILT"},"content":{"rendered":"\n<p class=\"has-text-align-center\"><strong><em>Estuvo acompa\u00f1ada por el secretario de Obras P\u00fablicas de la Naci\u00f3n, Abg. Mart\u00edn Gill, y el intendente interino de la ciudad, Pablo Rosso. Se reuni\u00f3n con empresarios.<\/em><\/strong><\/p>\n\n\n\n<p class=\"has-text-align-justify\">Paula Espa\u00f1ol, secretaria de Comercio Interior de la Naci\u00f3n, fue recibida ayer por el presidente del Parque Industrial, Log\u00edstico y Tecnol\u00f3gico Villa Mar\u00eda (PILT), Ing. Carlos Pizzorno, en el marco de una visita que concret\u00f3 a la entidad, en donde comparti\u00f3 un \u00e1gape con empresarios de la ciudad y la regi\u00f3n.<\/p>\n\n\n\n<p class=\"has-text-align-justify\">En la oportunidad, Pizzorno le explic\u00f3 las caracter\u00edsticas de Parque Industrial y los proyectos que se est\u00e1n llevando adelante, como por ejemplo el programa Nave para Emprendedores. De igual forma, Gill destac\u00f3 la evoluci\u00f3n que viene teniendo la instituci\u00f3n y el crecimiento ininterrumpido que muestra desde su creaci\u00f3n.<\/p>\n\n\n\n<p class=\"has-text-align-justify\">Por su parte, la funcionaria nacional recalc\u00f3 la relevancia del Parque Industrial de la ciudad, enfatizando la importancia que tiene la convergencia del trabajo p\u00fablico y privado para promover el desarrollo y la generaci\u00f3n de valor agregado.<\/p>\n\n\n\n<p class=\"has-text-align-justify\">A su vez, subray\u00f3 la importancia de las pol\u00edticas destinadas a impulsar el consumo, ya que \u201cgenera producci\u00f3n y empleo, en un c\u00edrculo que se retroalimenta. Esto se ve en empresas de C\u00f3rdoba, con un sector privado que invierte y produce con mucha iniciativa, y un sector p\u00fablico nacional que realmente apuesta y cree en un proyecto de pa\u00eds con consumo, producci\u00f3n y empleo\u201d.<\/p>\n\n\n\n<p class=\"has-text-align-justify\">Asimismo, acompa\u00f1ado por el titular de la entidad, departi\u00f3 con los empresarios y empresarias presentes, interes\u00e1ndose por los proyectos que desarrollan en el predio.<\/p>\n\n\n\n<p class=\"has-text-align-justify\">Tambi\u00e9n formaron parte del encuentro el diputado nacional Pablo Carro; funcionarios municipales, entre ellos H\u00e9ctor Mu\u00f1oz, jefe de Gabinete, y Daniela Lucarelli, secretaria de Econom\u00eda y Modernizaci\u00f3n;el gerente del PILT, Carlos Montoto, y directores del Ente; como as\u00ed tambi\u00e9n representantes de instituciones intermedias vinculadas a la producci\u00f3n y los servicios.&nbsp;&nbsp;<\/p>\n","protected":false},"excerpt":{"rendered":"<p>Estuvo acompa\u00f1ada por el secretario de Obras P\u00fablicas de la Naci\u00f3n, Abg. Mart\u00edn Gill, y el intendente interino de la ciudad, Pablo Rosso. Se reuni\u00f3n con empresarios. Paula Espa\u00f1ol, secretaria de Comercio Interior de la Naci\u00f3n, fue recibida ayer por el presidente del Parque Industrial, Log\u00edstico y Tecnol\u00f3gico Villa Mar\u00eda (PILT), Ing. Carlos Pizzorno, en [&hellip;]<\/p>\n","protected":false},"author":3,"featured_media":1944,"comment_status":"open","ping_status":"open","sticky":false,"template":"","format":"standard","meta":{"_jetpack_memberships_contains_paid_content":false,"footnotes":""},"categories":[2],"tags":[],"class_list":["post-1943","post","type-post","status-publish","format-standard","has-post-thumbnail","hentry","category-noticias"],"yoast_head":"<!-- This site is optimized with the Yoast SEO plugin v27.5 - https:\/\/yoast.com\/product\/yoast-seo-wordpress\/ -->\n<title>LA SECRETARIA DE COMERCIO INTERIOR DE LA NACI\u00d3N VISIT\u00d3 EL PILT - PILT.com.ar<\/title>\n<meta name=\"robots\" content=\"index, follow, max-snippet:-1, max-image-preview:large, max-video-preview:-1\" \/>\n<link rel=\"canonical\" href=\"https:\/\/pilt.com.ar\/parque-industrial\/la-secretaria-de-comercio-interior-de-la-nacion-visito-el-pilt\/\" \/>\n<meta property=\"og:locale\" content=\"es_ES\" \/>\n<meta property=\"og:type\" content=\"article\" \/>\n<meta property=\"og:title\" content=\"LA SECRETARIA DE COMERCIO INTERIOR DE LA NACI\u00d3N VISIT\u00d3 EL PILT - PILT.com.ar\" \/>\n<meta property=\"og:description\" content=\"Estuvo acompa\u00f1ada por el secretario de Obras P\u00fablicas de la Naci\u00f3n, Abg. Mart\u00edn Gill, y el intendente interino de la ciudad, Pablo Rosso. Se reuni\u00f3n con empresarios. Paula Espa\u00f1ol, secretaria de Comercio Interior de la Naci\u00f3n, fue recibida ayer por el presidente del Parque Industrial, Log\u00edstico y Tecnol\u00f3gico Villa Mar\u00eda (PILT), Ing. Carlos Pizzorno, en [&hellip;]\" \/>\n<meta property=\"og:url\" content=\"https:\/\/pilt.com.ar\/parque-industrial\/la-secretaria-de-comercio-interior-de-la-nacion-visito-el-pilt\/\" \/>\n<meta property=\"og:site_name\" content=\"PILT.com.ar\" \/>\n<meta property=\"article:published_time\" content=\"2021-08-26T22:49:06+00:00\" \/>\n<meta property=\"og:image\" content=\"https:\/\/i0.wp.com\/pilt.com.ar\/parque-industrial\/wp-content\/uploads\/2021\/08\/WhatsApp-Image-2021-08-26-at-18.08.17.jpeg?fit=1280%2C853&ssl=1\" \/>\n\t<meta property=\"og:image:width\" content=\"1280\" \/>\n\t<meta property=\"og:image:height\" content=\"853\" \/>\n\t<meta property=\"og:image:type\" content=\"image\/jpeg\" \/>\n<meta name=\"author\" content=\"PILT\" \/>\n<meta name=\"twitter:card\" content=\"summary_large_image\" \/>\n<meta name=\"twitter:label1\" content=\"Escrito por\" \/>\n\t<meta name=\"twitter:data1\" content=\"PILT\" \/>\n\t<meta name=\"twitter:label2\" content=\"Tiempo de lectura\" \/>\n\t<meta name=\"twitter:data2\" content=\"2 minutos\" \/>\n<script type=\"application\/ld+json\" class=\"yoast-schema-graph\">{\"@context\":\"https:\\\/\\\/schema.org\",\"@graph\":[{\"@type\":\"Article\",\"@id\":\"https:\\\/\\\/pilt.com.ar\\\/parque-industrial\\\/la-secretaria-de-comercio-interior-de-la-nacion-visito-el-pilt\\\/#article\",\"isPartOf\":{\"@id\":\"https:\\\/\\\/pilt.com.ar\\\/parque-industrial\\\/la-secretaria-de-comercio-interior-de-la-nacion-visito-el-pilt\\\/\"},\"author\":{\"name\":\"PILT\",\"@id\":\"https:\\\/\\\/pilt.com.ar\\\/parque-industrial\\\/#\\\/schema\\\/person\\\/2dfb9e2464de1c3deef20c25c30a8306\"},\"headline\":\"LA SECRETARIA DE COMERCIO INTERIOR DE LA NACI\u00d3N VISIT\u00d3 EL PILT\",\"datePublished\":\"2021-08-26T22:49:06+00:00\",\"mainEntityOfPage\":{\"@id\":\"https:\\\/\\\/pilt.com.ar\\\/parque-industrial\\\/la-secretaria-de-comercio-interior-de-la-nacion-visito-el-pilt\\\/\"},\"wordCount\":350,\"commentCount\":0,\"image\":{\"@id\":\"https:\\\/\\\/pilt.com.ar\\\/parque-industrial\\\/la-secretaria-de-comercio-interior-de-la-nacion-visito-el-pilt\\\/#primaryimage\"},\"thumbnailUrl\":\"https:\\\/\\\/i0.wp.com\\\/pilt.com.ar\\\/parque-industrial\\\/wp-content\\\/uploads\\\/2021\\\/08\\\/WhatsApp-Image-2021-08-26-at-18.08.17.jpeg?fit=1280%2C853&ssl=1\",\"articleSection\":[\"Noticias\"],\"inLanguage\":\"es\",\"potentialAction\":[{\"@type\":\"CommentAction\",\"name\":\"Comment\",\"target\":[\"https:\\\/\\\/pilt.com.ar\\\/parque-industrial\\\/la-secretaria-de-comercio-interior-de-la-nacion-visito-el-pilt\\\/#respond\"]}]},{\"@type\":\"WebPage\",\"@id\":\"https:\\\/\\\/pilt.com.ar\\\/parque-industrial\\\/la-secretaria-de-comercio-interior-de-la-nacion-visito-el-pilt\\\/\",\"url\":\"https:\\\/\\\/pilt.com.ar\\\/parque-industrial\\\/la-secretaria-de-comercio-interior-de-la-nacion-visito-el-pilt\\\/\",\"name\":\"LA SECRETARIA DE COMERCIO INTERIOR DE LA NACI\u00d3N VISIT\u00d3 EL PILT - PILT.com.ar\",\"isPartOf\":{\"@id\":\"https:\\\/\\\/pilt.com.ar\\\/parque-industrial\\\/#website\"},\"primaryImageOfPage\":{\"@id\":\"https:\\\/\\\/pilt.com.ar\\\/parque-industrial\\\/la-secretaria-de-comercio-interior-de-la-nacion-visito-el-pilt\\\/#primaryimage\"},\"image\":{\"@id\":\"https:\\\/\\\/pilt.com.ar\\\/parque-industrial\\\/la-secretaria-de-comercio-interior-de-la-nacion-visito-el-pilt\\\/#primaryimage\"},\"thumbnailUrl\":\"https:\\\/\\\/i0.wp.com\\\/pilt.com.ar\\\/parque-industrial\\\/wp-content\\\/uploads\\\/2021\\\/08\\\/WhatsApp-Image-2021-08-26-at-18.08.17.jpeg?fit=1280%2C853&ssl=1\",\"datePublished\":\"2021-08-26T22:49:06+00:00\",\"author\":{\"@id\":\"https:\\\/\\\/pilt.com.ar\\\/parque-industrial\\\/#\\\/schema\\\/person\\\/2dfb9e2464de1c3deef20c25c30a8306\"},\"inLanguage\":\"es\",\"potentialAction\":[{\"@type\":\"ReadAction\",\"target\":[\"https:\\\/\\\/pilt.com.ar\\\/parque-industrial\\\/la-secretaria-de-comercio-interior-de-la-nacion-visito-el-pilt\\\/\"]}]},{\"@type\":\"ImageObject\",\"inLanguage\":\"es\",\"@id\":\"https:\\\/\\\/pilt.com.ar\\\/parque-industrial\\\/la-secretaria-de-comercio-interior-de-la-nacion-visito-el-pilt\\\/#primaryimage\",\"url\":\"https:\\\/\\\/i0.wp.com\\\/pilt.com.ar\\\/parque-industrial\\\/wp-content\\\/uploads\\\/2021\\\/08\\\/WhatsApp-Image-2021-08-26-at-18.08.17.jpeg?fit=1280%2C853&ssl=1\",\"contentUrl\":\"https:\\\/\\\/i0.wp.com\\\/pilt.com.ar\\\/parque-industrial\\\/wp-content\\\/uploads\\\/2021\\\/08\\\/WhatsApp-Image-2021-08-26-at-18.08.17.jpeg?fit=1280%2C853&ssl=1\",\"width\":1280,\"height\":853},{\"@type\":\"WebSite\",\"@id\":\"https:\\\/\\\/pilt.com.ar\\\/parque-industrial\\\/#website\",\"url\":\"https:\\\/\\\/pilt.com.ar\\\/parque-industrial\\\/\",\"name\":\"PILT.com.ar\",\"description\":\"Parque Industrial, Log\u00edstico y Tecnol\u00f3gico Villa Mar\u00eda\",\"potentialAction\":[{\"@type\":\"SearchAction\",\"target\":{\"@type\":\"EntryPoint\",\"urlTemplate\":\"https:\\\/\\\/pilt.com.ar\\\/parque-industrial\\\/?s={search_term_string}\"},\"query-input\":{\"@type\":\"PropertyValueSpecification\",\"valueRequired\":true,\"valueName\":\"search_term_string\"}}],\"inLanguage\":\"es\"},{\"@type\":\"Person\",\"@id\":\"https:\\\/\\\/pilt.com.ar\\\/parque-industrial\\\/#\\\/schema\\\/person\\\/2dfb9e2464de1c3deef20c25c30a8306\",\"name\":\"PILT\",\"image\":{\"@type\":\"ImageObject\",\"inLanguage\":\"es\",\"@id\":\"https:\\\/\\\/secure.gravatar.com\\\/avatar\\\/5e3734c8d8c8e0b0d45f923c14a14d7b90521d573d02f0d91360a777095ee42b?s=96&d=mm&r=g\",\"url\":\"https:\\\/\\\/secure.gravatar.com\\\/avatar\\\/5e3734c8d8c8e0b0d45f923c14a14d7b90521d573d02f0d91360a777095ee42b?s=96&d=mm&r=g\",\"contentUrl\":\"https:\\\/\\\/secure.gravatar.com\\\/avatar\\\/5e3734c8d8c8e0b0d45f923c14a14d7b90521d573d02f0d91360a777095ee42b?s=96&d=mm&r=g\",\"caption\":\"PILT\"},\"url\":\"https:\\\/\\\/pilt.com.ar\\\/parque-industrial\\\/author\\\/pilt\\\/\"}]}<\/script>\n<!-- \/ Yoast SEO plugin. -->","yoast_head_json":{"title":"LA SECRETARIA DE COMERCIO INTERIOR DE LA NACI\u00d3N VISIT\u00d3 EL PILT - PILT.com.ar","robots":{"index":"index","follow":"follow","max-snippet":"max-snippet:-1","max-image-preview":"max-image-preview:large","max-video-preview":"max-video-preview:-1"},"canonical":"https:\/\/pilt.com.ar\/parque-industrial\/la-secretaria-de-comercio-interior-de-la-nacion-visito-el-pilt\/","og_locale":"es_ES","og_type":"article","og_title":"LA SECRETARIA DE COMERCIO INTERIOR DE LA NACI\u00d3N VISIT\u00d3 EL PILT - PILT.com.ar","og_description":"Estuvo acompa\u00f1ada por el secretario de Obras P\u00fablicas de la Naci\u00f3n, Abg. Mart\u00edn Gill, y el intendente interino de la ciudad, Pablo Rosso. Se reuni\u00f3n con empresarios. Paula Espa\u00f1ol, secretaria de Comercio Interior de la Naci\u00f3n, fue recibida ayer por el presidente del Parque Industrial, Log\u00edstico y Tecnol\u00f3gico Villa Mar\u00eda (PILT), Ing. Carlos Pizzorno, en [&hellip;]","og_url":"https:\/\/pilt.com.ar\/parque-industrial\/la-secretaria-de-comercio-interior-de-la-nacion-visito-el-pilt\/","og_site_name":"PILT.com.ar","article_published_time":"2021-08-26T22:49:06+00:00","og_image":[{"width":1280,"height":853,"url":"https:\/\/i0.wp.com\/pilt.com.ar\/parque-industrial\/wp-content\/uploads\/2021\/08\/WhatsApp-Image-2021-08-26-at-18.08.17.jpeg?fit=1280%2C853&ssl=1","type":"image\/jpeg"}],"author":"PILT","twitter_card":"summary_large_image","twitter_misc":{"Escrito por":"PILT","Tiempo de lectura":"2 minutos"},"schema":{"@context":"https:\/\/schema.org","@graph":[{"@type":"Article","@id":"https:\/\/pilt.com.ar\/parque-industrial\/la-secretaria-de-comercio-interior-de-la-nacion-visito-el-pilt\/#article","isPartOf":{"@id":"https:\/\/pilt.com.ar\/parque-industrial\/la-secretaria-de-comercio-interior-de-la-nacion-visito-el-pilt\/"},"author":{"name":"PILT","@id":"https:\/\/pilt.com.ar\/parque-industrial\/#\/schema\/person\/2dfb9e2464de1c3deef20c25c30a8306"},"headline":"LA SECRETARIA DE COMERCIO INTERIOR DE LA NACI\u00d3N VISIT\u00d3 EL PILT","datePublished":"2021-08-26T22:49:06+00:00","mainEntityOfPage":{"@id":"https:\/\/pilt.com.ar\/parque-industrial\/la-secretaria-de-comercio-interior-de-la-nacion-visito-el-pilt\/"},"wordCount":350,"commentCount":0,"image":{"@id":"https:\/\/pilt.com.ar\/parque-industrial\/la-secretaria-de-comercio-interior-de-la-nacion-visito-el-pilt\/#primaryimage"},"thumbnailUrl":"https:\/\/i0.wp.com\/pilt.com.ar\/parque-industrial\/wp-content\/uploads\/2021\/08\/WhatsApp-Image-2021-08-26-at-18.08.17.jpeg?fit=1280%2C853&ssl=1","articleSection":["Noticias"],"inLanguage":"es","potentialAction":[{"@type":"CommentAction","name":"Comment","target":["https:\/\/pilt.com.ar\/parque-industrial\/la-secretaria-de-comercio-interior-de-la-nacion-visito-el-pilt\/#respond"]}]},{"@type":"WebPage","@id":"https:\/\/pilt.com.ar\/parque-industrial\/la-secretaria-de-comercio-interior-de-la-nacion-visito-el-pilt\/","url":"https:\/\/pilt.com.ar\/parque-industrial\/la-secretaria-de-comercio-interior-de-la-nacion-visito-el-pilt\/","name":"LA SECRETARIA DE COMERCIO INTERIOR DE LA NACI\u00d3N VISIT\u00d3 EL PILT - PILT.com.ar","isPartOf":{"@id":"https:\/\/pilt.com.ar\/parque-industrial\/#website"},"primaryImageOfPage":{"@id":"https:\/\/pilt.com.ar\/parque-industrial\/la-secretaria-de-comercio-interior-de-la-nacion-visito-el-pilt\/#primaryimage"},"image":{"@id":"https:\/\/pilt.com.ar\/parque-industrial\/la-secretaria-de-comercio-interior-de-la-nacion-visito-el-pilt\/#primaryimage"},"thumbnailUrl":"https:\/\/i0.wp.com\/pilt.com.ar\/parque-industrial\/wp-content\/uploads\/2021\/08\/WhatsApp-Image-2021-08-26-at-18.08.17.jpeg?fit=1280%2C853&ssl=1","datePublished":"2021-08-26T22:49:06+00:00","author":{"@id":"https:\/\/pilt.com.ar\/parque-industrial\/#\/schema\/person\/2dfb9e2464de1c3deef20c25c30a8306"},"inLanguage":"es","potentialAction":[{"@type":"ReadAction","target":["https:\/\/pilt.com.ar\/parque-industrial\/la-secretaria-de-comercio-interior-de-la-nacion-visito-el-pilt\/"]}]},{"@type":"ImageObject","inLanguage":"es","@id":"https:\/\/pilt.com.ar\/parque-industrial\/la-secretaria-de-comercio-interior-de-la-nacion-visito-el-pilt\/#primaryimage","url":"https:\/\/i0.wp.com\/pilt.com.ar\/parque-industrial\/wp-content\/uploads\/2021\/08\/WhatsApp-Image-2021-08-26-at-18.08.17.jpeg?fit=1280%2C853&ssl=1","contentUrl":"https:\/\/i0.wp.com\/pilt.com.ar\/parque-industrial\/wp-content\/uploads\/2021\/08\/WhatsApp-Image-2021-08-26-at-18.08.17.jpeg?fit=1280%2C853&ssl=1","width":1280,"height":853},{"@type":"WebSite","@id":"https:\/\/pilt.com.ar\/parque-industrial\/#website","url":"https:\/\/pilt.com.ar\/parque-industrial\/","name":"PILT.com.ar","description":"Parque Industrial, Log\u00edstico y Tecnol\u00f3gico Villa Mar\u00eda","potentialAction":[{"@type":"SearchAction","target":{"@type":"EntryPoint","urlTemplate":"https:\/\/pilt.com.ar\/parque-industrial\/?s={search_term_string}"},"query-input":{"@type":"PropertyValueSpecification","valueRequired":true,"valueName":"search_term_string"}}],"inLanguage":"es"},{"@type":"Person","@id":"https:\/\/pilt.com.ar\/parque-industrial\/#\/schema\/person\/2dfb9e2464de1c3deef20c25c30a8306","name":"PILT","image":{"@type":"ImageObject","inLanguage":"es","@id":"https:\/\/secure.gravatar.com\/avatar\/5e3734c8d8c8e0b0d45f923c14a14d7b90521d573d02f0d91360a777095ee42b?s=96&d=mm&r=g","url":"https:\/\/secure.gravatar.com\/avatar\/5e3734c8d8c8e0b0d45f923c14a14d7b90521d573d02f0d91360a777095ee42b?s=96&d=mm&r=g","contentUrl":"https:\/\/secure.gravatar.com\/avatar\/5e3734c8d8c8e0b0d45f923c14a14d7b90521d573d02f0d91360a777095ee42b?s=96&d=mm&r=g","caption":"PILT"},"url":"https:\/\/pilt.com.ar\/parque-industrial\/author\/pilt\/"}]}},"jetpack_featured_media_url":"https:\/\/i0.wp.com\/pilt.com.ar\/parque-industrial\/wp-content\/uploads\/2021\/08\/WhatsApp-Image-2021-08-26-at-18.08.17.jpeg?fit=1280%2C853&ssl=1","jetpack_sharing_enabled":true,"_links":{"self":[{"href":"https:\/\/pilt.com.ar\/parque-industrial\/wp-json\/wp\/v2\/posts\/1943","targetHints":{"allow":["GET"]}}],"collection":[{"href":"https:\/\/pilt.com.ar\/parque-industrial\/wp-json\/wp\/v2\/posts"}],"about":[{"href":"https:\/\/pilt.com.ar\/parque-industrial\/wp-json\/wp\/v2\/types\/post"}],"author":[{"embeddable":true,"href":"https:\/\/pilt.com.ar\/parque-industrial\/wp-json\/wp\/v2\/users\/3"}],"replies":[{"embeddable":true,"href":"https:\/\/pilt.com.ar\/parque-industrial\/wp-json\/wp\/v2\/comments?post=1943"}],"version-history":[{"count":1,"href":"https:\/\/pilt.com.ar\/parque-industrial\/wp-json\/wp\/v2\/posts\/1943\/revisions"}],"predecessor-version":[{"id":1945,"href":"https:\/\/pilt.com.ar\/parque-industrial\/wp-json\/wp\/v2\/posts\/1943\/revisions\/1945"}],"wp:featuredmedia":[{"embeddable":true,"href":"https:\/\/pilt.com.ar\/parque-industrial\/wp-json\/wp\/v2\/media\/1944"}],"wp:attachment":[{"href":"https:\/\/pilt.com.ar\/parque-industrial\/wp-json\/wp\/v2\/media?parent=1943"}],"wp:term":[{"taxonomy":"category","embeddable":true,"href":"https:\/\/pilt.com.ar\/parque-industrial\/wp-json\/wp\/v2\/categories?post=1943"},{"taxonomy":"post_tag","embeddable":true,"href":"https:\/\/pilt.com.ar\/parque-industrial\/wp-json\/wp\/v2\/tags?post=1943"}],"curies":[{"name":"wp","href":"https:\/\/api.w.org\/{rel}","templated":true}]}}