{"id":1935,"date":"2021-08-20T09:26:41","date_gmt":"2021-08-20T12:26:41","guid":{"rendered":"https:\/\/pilt.com.ar\/parque-industrial\/?p=1935"},"modified":"2021-08-20T09:26:42","modified_gmt":"2021-08-20T12:26:42","slug":"innovadora-empresa-comenzara-a-operar-en-la-nave-para-emprendedores","status":"publish","type":"post","link":"https:\/\/pilt.com.ar\/parque-industrial\/innovadora-empresa-comenzara-a-operar-en-la-nave-para-emprendedores\/","title":{"rendered":"INNOVADORA EMPRESA COMENZAR\u00c1 A OPERAR EN LA NAVE PARA EMPRENDEDORES"},"content":{"rendered":"\n<p class=\"has-text-align-center\"><strong><em>Se trata de Escarlata Vidrios Laminados, que construir\u00e1 un horno para fabricar productos disruptivos destinados a la industria de la construcci\u00f3n<\/em><\/strong><\/p>\n\n\n\n<p>En pocos d\u00edas m\u00e1s una nueva empresa se sumar\u00e1 a la Nave para Emprendedores emplazada en el Parque Industrial, Log\u00edstico y Tecnol\u00f3gico Villa Mar\u00eda (PILT), que brinda un espacio f\u00edsico para impulsar proyectos.<\/p>\n\n\n\n<p class=\"has-text-align-justify\">Escarlata Vidrios Laminados es un desarrollo innovador que procura ofrecer al mercado varios productos. Vale decir que el vidrio laminado es utilizado mayormente en la industria de la construcci\u00f3n, como vidrio de seguridad. Consiste en dos o m\u00e1s capas de vidrio que se unen entre s\u00ed mediante una capa intermedia de pol\u00edmero, en un proceso de curado donde se aplica vac\u00edo y temperatura. Ese vidrio posee caracter\u00edsticas \u00fanicas de acuerdo al material utilizado en su laminaci\u00f3n, siendo el PVB y el EVA los m\u00e1s comunes.<\/p>\n\n\n\n<p>Para llevar adelante las actividadesla empresa construir\u00e1 un prototipo de horno el\u00e9ctrico apto para la elaboraci\u00f3n de vidrio laminado con EVA, abasteci\u00e9ndose de insumos nacionales y evitando de tal forma la importaci\u00f3n. La inversi\u00f3n prevista para ese primer paso es de aproximadamente 5 millones de pesos.<\/p>\n\n\n\n<p><strong>Novedad<\/strong><\/p>\n\n\n\n<p class=\"has-text-align-justify\">Seg\u00fan indic\u00f3 uno de los cuatro socios del emprendimiento, Emiliano Da Ros, la intenci\u00f3n es generar novedosas aplicaciones en el mercado nacional, algunas in\u00e9ditas en lo que respecta a su producci\u00f3n. La m\u00e1s impactante, por su tecnolog\u00eda, se denomina PDLC. La misma permite que un vidrio pase de ser opaco a transparente mediante la aplicaci\u00f3n de corriente el\u00e9ctrica. El producto, en auge en Europa, Estados Unidos y Medio Oriente, es muy usado\u2013entre otras opciones- en oficinas y comercios. En el primer caso puede servir para brindar privacidad para celebrar reuniones en oficinas vidriadas, mientras que en el otro ofrece m\u00faltiples usos, ya que incluso se pueden proyectar im\u00e1genes de video sobre el vidrio, transform\u00e1ndose as\u00ed en una pantalla cuando se oscurece.<\/p>\n\n\n\n<p class=\"has-text-align-justify\">El PDLC no se fabrica en Argentina, quedando como una opci\u00f3n la importaci\u00f3n a un precio muy elevado. La apuesta del proyecto es poder generar una baja sustancial de su costo a partir de la producci\u00f3n nacional.<\/p>\n\n\n\n<p class=\"has-text-align-justify\">El emprendimiento prev\u00e9 desarrollar laminados de diferentes tama\u00f1os y caracter\u00edstica. Uno de ellos permite inserciones diversas entre las capas del vidrio, como por ejemplo mallas met\u00e1licas, im\u00e1genes en distintos soportes, colores y dem\u00e1s.&nbsp;<\/p>\n\n\n\n<p>Resta resolver cuestiones de \u00edndole t\u00e9cnico, particularmente en lo que respecta a la provisi\u00f3n el\u00e9ctrica, para que se Escarlata se instale en uno de los salones. Tal situaci\u00f3n se estar\u00eda dando en un par de semanas.<\/p>\n\n\n\n<p><strong>Nave&nbsp;&nbsp;&nbsp;&nbsp;&nbsp;&nbsp;&nbsp;&nbsp;&nbsp;<\/strong><\/p>\n\n\n\n<p class=\"has-text-align-justify\">Cabe mencionar que el Programa Nave para Emprendedores contempla la posibilidad de ocupar un sal\u00f3n con todas las comodidades para llevar adelante actividades, con un costo de alquiler sensiblemente menor al mercado; adem\u00e1s, quienes ingresan reciben el acompa\u00f1amiento en temas de gesti\u00f3n y desarrollo empresarial de la Incubadora de Empresas de la Asociaci\u00f3n de Empresarios Regi\u00f3n Centro Argentino (AERCA), entidad que tambi\u00e9n forma parte del PILT.<\/p>\n","protected":false},"excerpt":{"rendered":"<p>Se trata de Escarlata Vidrios Laminados, que construir\u00e1 un horno para fabricar productos disruptivos destinados a la industria de la construcci\u00f3n En pocos d\u00edas m\u00e1s una nueva empresa se sumar\u00e1 a la Nave para Emprendedores emplazada en el Parque Industrial, Log\u00edstico y Tecnol\u00f3gico Villa Mar\u00eda (PILT), que brinda un espacio f\u00edsico para impulsar proyectos. Escarlata [&hellip;]<\/p>\n","protected":false},"author":3,"featured_media":1936,"comment_status":"open","ping_status":"open","sticky":false,"template":"","format":"standard","meta":{"_jetpack_memberships_contains_paid_content":false,"footnotes":""},"categories":[2],"tags":[],"class_list":["post-1935","post","type-post","status-publish","format-standard","has-post-thumbnail","hentry","category-noticias"],"yoast_head":"<!-- This site is optimized with the Yoast SEO plugin v27.5 - https:\/\/yoast.com\/product\/yoast-seo-wordpress\/ -->\n<title>INNOVADORA EMPRESA COMENZAR\u00c1 A OPERAR EN LA NAVE PARA EMPRENDEDORES - PILT.com.ar<\/title>\n<meta name=\"robots\" content=\"index, follow, max-snippet:-1, max-image-preview:large, max-video-preview:-1\" \/>\n<link rel=\"canonical\" href=\"https:\/\/pilt.com.ar\/parque-industrial\/innovadora-empresa-comenzara-a-operar-en-la-nave-para-emprendedores\/\" \/>\n<meta property=\"og:locale\" content=\"es_ES\" \/>\n<meta property=\"og:type\" content=\"article\" \/>\n<meta property=\"og:title\" content=\"INNOVADORA EMPRESA COMENZAR\u00c1 A OPERAR EN LA NAVE PARA EMPRENDEDORES - PILT.com.ar\" \/>\n<meta property=\"og:description\" content=\"Se trata de Escarlata Vidrios Laminados, que construir\u00e1 un horno para fabricar productos disruptivos destinados a la industria de la construcci\u00f3n En pocos d\u00edas m\u00e1s una nueva empresa se sumar\u00e1 a la Nave para Emprendedores emplazada en el Parque Industrial, Log\u00edstico y Tecnol\u00f3gico Villa Mar\u00eda (PILT), que brinda un espacio f\u00edsico para impulsar proyectos. Escarlata [&hellip;]\" \/>\n<meta property=\"og:url\" content=\"https:\/\/pilt.com.ar\/parque-industrial\/innovadora-empresa-comenzara-a-operar-en-la-nave-para-emprendedores\/\" \/>\n<meta property=\"og:site_name\" content=\"PILT.com.ar\" \/>\n<meta property=\"article:published_time\" content=\"2021-08-20T12:26:41+00:00\" \/>\n<meta property=\"article:modified_time\" content=\"2021-08-20T12:26:42+00:00\" \/>\n<meta property=\"og:image\" content=\"https:\/\/i0.wp.com\/pilt.com.ar\/parque-industrial\/wp-content\/uploads\/2021\/08\/WhatsApp-Image-2021-08-19-at-21.45.31.jpeg?fit=564%2C564&ssl=1\" \/>\n\t<meta property=\"og:image:width\" content=\"564\" \/>\n\t<meta property=\"og:image:height\" content=\"564\" \/>\n\t<meta property=\"og:image:type\" content=\"image\/jpeg\" \/>\n<meta name=\"author\" content=\"PILT\" \/>\n<meta name=\"twitter:card\" content=\"summary_large_image\" \/>\n<meta name=\"twitter:label1\" content=\"Escrito por\" \/>\n\t<meta name=\"twitter:data1\" content=\"PILT\" \/>\n\t<meta name=\"twitter:label2\" content=\"Tiempo de lectura\" \/>\n\t<meta name=\"twitter:data2\" content=\"3 minutos\" \/>\n<script type=\"application\/ld+json\" class=\"yoast-schema-graph\">{\"@context\":\"https:\\\/\\\/schema.org\",\"@graph\":[{\"@type\":\"Article\",\"@id\":\"https:\\\/\\\/pilt.com.ar\\\/parque-industrial\\\/innovadora-empresa-comenzara-a-operar-en-la-nave-para-emprendedores\\\/#article\",\"isPartOf\":{\"@id\":\"https:\\\/\\\/pilt.com.ar\\\/parque-industrial\\\/innovadora-empresa-comenzara-a-operar-en-la-nave-para-emprendedores\\\/\"},\"author\":{\"name\":\"PILT\",\"@id\":\"https:\\\/\\\/pilt.com.ar\\\/parque-industrial\\\/#\\\/schema\\\/person\\\/2dfb9e2464de1c3deef20c25c30a8306\"},\"headline\":\"INNOVADORA EMPRESA COMENZAR\u00c1 A OPERAR EN LA NAVE PARA EMPRENDEDORES\",\"datePublished\":\"2021-08-20T12:26:41+00:00\",\"dateModified\":\"2021-08-20T12:26:42+00:00\",\"mainEntityOfPage\":{\"@id\":\"https:\\\/\\\/pilt.com.ar\\\/parque-industrial\\\/innovadora-empresa-comenzara-a-operar-en-la-nave-para-emprendedores\\\/\"},\"wordCount\":550,\"commentCount\":0,\"image\":{\"@id\":\"https:\\\/\\\/pilt.com.ar\\\/parque-industrial\\\/innovadora-empresa-comenzara-a-operar-en-la-nave-para-emprendedores\\\/#primaryimage\"},\"thumbnailUrl\":\"https:\\\/\\\/i0.wp.com\\\/pilt.com.ar\\\/parque-industrial\\\/wp-content\\\/uploads\\\/2021\\\/08\\\/WhatsApp-Image-2021-08-19-at-21.45.31.jpeg?fit=564%2C564&ssl=1\",\"articleSection\":[\"Noticias\"],\"inLanguage\":\"es\",\"potentialAction\":[{\"@type\":\"CommentAction\",\"name\":\"Comment\",\"target\":[\"https:\\\/\\\/pilt.com.ar\\\/parque-industrial\\\/innovadora-empresa-comenzara-a-operar-en-la-nave-para-emprendedores\\\/#respond\"]}]},{\"@type\":\"WebPage\",\"@id\":\"https:\\\/\\\/pilt.com.ar\\\/parque-industrial\\\/innovadora-empresa-comenzara-a-operar-en-la-nave-para-emprendedores\\\/\",\"url\":\"https:\\\/\\\/pilt.com.ar\\\/parque-industrial\\\/innovadora-empresa-comenzara-a-operar-en-la-nave-para-emprendedores\\\/\",\"name\":\"INNOVADORA EMPRESA COMENZAR\u00c1 A OPERAR EN LA NAVE PARA EMPRENDEDORES - PILT.com.ar\",\"isPartOf\":{\"@id\":\"https:\\\/\\\/pilt.com.ar\\\/parque-industrial\\\/#website\"},\"primaryImageOfPage\":{\"@id\":\"https:\\\/\\\/pilt.com.ar\\\/parque-industrial\\\/innovadora-empresa-comenzara-a-operar-en-la-nave-para-emprendedores\\\/#primaryimage\"},\"image\":{\"@id\":\"https:\\\/\\\/pilt.com.ar\\\/parque-industrial\\\/innovadora-empresa-comenzara-a-operar-en-la-nave-para-emprendedores\\\/#primaryimage\"},\"thumbnailUrl\":\"https:\\\/\\\/i0.wp.com\\\/pilt.com.ar\\\/parque-industrial\\\/wp-content\\\/uploads\\\/2021\\\/08\\\/WhatsApp-Image-2021-08-19-at-21.45.31.jpeg?fit=564%2C564&ssl=1\",\"datePublished\":\"2021-08-20T12:26:41+00:00\",\"dateModified\":\"2021-08-20T12:26:42+00:00\",\"author\":{\"@id\":\"https:\\\/\\\/pilt.com.ar\\\/parque-industrial\\\/#\\\/schema\\\/person\\\/2dfb9e2464de1c3deef20c25c30a8306\"},\"inLanguage\":\"es\",\"potentialAction\":[{\"@type\":\"ReadAction\",\"target\":[\"https:\\\/\\\/pilt.com.ar\\\/parque-industrial\\\/innovadora-empresa-comenzara-a-operar-en-la-nave-para-emprendedores\\\/\"]}]},{\"@type\":\"ImageObject\",\"inLanguage\":\"es\",\"@id\":\"https:\\\/\\\/pilt.com.ar\\\/parque-industrial\\\/innovadora-empresa-comenzara-a-operar-en-la-nave-para-emprendedores\\\/#primaryimage\",\"url\":\"https:\\\/\\\/i0.wp.com\\\/pilt.com.ar\\\/parque-industrial\\\/wp-content\\\/uploads\\\/2021\\\/08\\\/WhatsApp-Image-2021-08-19-at-21.45.31.jpeg?fit=564%2C564&ssl=1\",\"contentUrl\":\"https:\\\/\\\/i0.wp.com\\\/pilt.com.ar\\\/parque-industrial\\\/wp-content\\\/uploads\\\/2021\\\/08\\\/WhatsApp-Image-2021-08-19-at-21.45.31.jpeg?fit=564%2C564&ssl=1\",\"width\":564,\"height\":564},{\"@type\":\"WebSite\",\"@id\":\"https:\\\/\\\/pilt.com.ar\\\/parque-industrial\\\/#website\",\"url\":\"https:\\\/\\\/pilt.com.ar\\\/parque-industrial\\\/\",\"name\":\"PILT.com.ar\",\"description\":\"Parque Industrial, Log\u00edstico y Tecnol\u00f3gico Villa Mar\u00eda\",\"potentialAction\":[{\"@type\":\"SearchAction\",\"target\":{\"@type\":\"EntryPoint\",\"urlTemplate\":\"https:\\\/\\\/pilt.com.ar\\\/parque-industrial\\\/?s={search_term_string}\"},\"query-input\":{\"@type\":\"PropertyValueSpecification\",\"valueRequired\":true,\"valueName\":\"search_term_string\"}}],\"inLanguage\":\"es\"},{\"@type\":\"Person\",\"@id\":\"https:\\\/\\\/pilt.com.ar\\\/parque-industrial\\\/#\\\/schema\\\/person\\\/2dfb9e2464de1c3deef20c25c30a8306\",\"name\":\"PILT\",\"image\":{\"@type\":\"ImageObject\",\"inLanguage\":\"es\",\"@id\":\"https:\\\/\\\/secure.gravatar.com\\\/avatar\\\/5e3734c8d8c8e0b0d45f923c14a14d7b90521d573d02f0d91360a777095ee42b?s=96&d=mm&r=g\",\"url\":\"https:\\\/\\\/secure.gravatar.com\\\/avatar\\\/5e3734c8d8c8e0b0d45f923c14a14d7b90521d573d02f0d91360a777095ee42b?s=96&d=mm&r=g\",\"contentUrl\":\"https:\\\/\\\/secure.gravatar.com\\\/avatar\\\/5e3734c8d8c8e0b0d45f923c14a14d7b90521d573d02f0d91360a777095ee42b?s=96&d=mm&r=g\",\"caption\":\"PILT\"},\"url\":\"https:\\\/\\\/pilt.com.ar\\\/parque-industrial\\\/author\\\/pilt\\\/\"}]}<\/script>\n<!-- \/ Yoast SEO plugin. -->","yoast_head_json":{"title":"INNOVADORA EMPRESA COMENZAR\u00c1 A OPERAR EN LA NAVE PARA EMPRENDEDORES - PILT.com.ar","robots":{"index":"index","follow":"follow","max-snippet":"max-snippet:-1","max-image-preview":"max-image-preview:large","max-video-preview":"max-video-preview:-1"},"canonical":"https:\/\/pilt.com.ar\/parque-industrial\/innovadora-empresa-comenzara-a-operar-en-la-nave-para-emprendedores\/","og_locale":"es_ES","og_type":"article","og_title":"INNOVADORA EMPRESA COMENZAR\u00c1 A OPERAR EN LA NAVE PARA EMPRENDEDORES - PILT.com.ar","og_description":"Se trata de Escarlata Vidrios Laminados, que construir\u00e1 un horno para fabricar productos disruptivos destinados a la industria de la construcci\u00f3n En pocos d\u00edas m\u00e1s una nueva empresa se sumar\u00e1 a la Nave para Emprendedores emplazada en el Parque Industrial, Log\u00edstico y Tecnol\u00f3gico Villa Mar\u00eda (PILT), que brinda un espacio f\u00edsico para impulsar proyectos. Escarlata [&hellip;]","og_url":"https:\/\/pilt.com.ar\/parque-industrial\/innovadora-empresa-comenzara-a-operar-en-la-nave-para-emprendedores\/","og_site_name":"PILT.com.ar","article_published_time":"2021-08-20T12:26:41+00:00","article_modified_time":"2021-08-20T12:26:42+00:00","og_image":[{"width":564,"height":564,"url":"https:\/\/i0.wp.com\/pilt.com.ar\/parque-industrial\/wp-content\/uploads\/2021\/08\/WhatsApp-Image-2021-08-19-at-21.45.31.jpeg?fit=564%2C564&ssl=1","type":"image\/jpeg"}],"author":"PILT","twitter_card":"summary_large_image","twitter_misc":{"Escrito por":"PILT","Tiempo de lectura":"3 minutos"},"schema":{"@context":"https:\/\/schema.org","@graph":[{"@type":"Article","@id":"https:\/\/pilt.com.ar\/parque-industrial\/innovadora-empresa-comenzara-a-operar-en-la-nave-para-emprendedores\/#article","isPartOf":{"@id":"https:\/\/pilt.com.ar\/parque-industrial\/innovadora-empresa-comenzara-a-operar-en-la-nave-para-emprendedores\/"},"author":{"name":"PILT","@id":"https:\/\/pilt.com.ar\/parque-industrial\/#\/schema\/person\/2dfb9e2464de1c3deef20c25c30a8306"},"headline":"INNOVADORA EMPRESA COMENZAR\u00c1 A OPERAR EN LA NAVE PARA EMPRENDEDORES","datePublished":"2021-08-20T12:26:41+00:00","dateModified":"2021-08-20T12:26:42+00:00","mainEntityOfPage":{"@id":"https:\/\/pilt.com.ar\/parque-industrial\/innovadora-empresa-comenzara-a-operar-en-la-nave-para-emprendedores\/"},"wordCount":550,"commentCount":0,"image":{"@id":"https:\/\/pilt.com.ar\/parque-industrial\/innovadora-empresa-comenzara-a-operar-en-la-nave-para-emprendedores\/#primaryimage"},"thumbnailUrl":"https:\/\/i0.wp.com\/pilt.com.ar\/parque-industrial\/wp-content\/uploads\/2021\/08\/WhatsApp-Image-2021-08-19-at-21.45.31.jpeg?fit=564%2C564&ssl=1","articleSection":["Noticias"],"inLanguage":"es","potentialAction":[{"@type":"CommentAction","name":"Comment","target":["https:\/\/pilt.com.ar\/parque-industrial\/innovadora-empresa-comenzara-a-operar-en-la-nave-para-emprendedores\/#respond"]}]},{"@type":"WebPage","@id":"https:\/\/pilt.com.ar\/parque-industrial\/innovadora-empresa-comenzara-a-operar-en-la-nave-para-emprendedores\/","url":"https:\/\/pilt.com.ar\/parque-industrial\/innovadora-empresa-comenzara-a-operar-en-la-nave-para-emprendedores\/","name":"INNOVADORA EMPRESA COMENZAR\u00c1 A OPERAR EN LA NAVE PARA EMPRENDEDORES - PILT.com.ar","isPartOf":{"@id":"https:\/\/pilt.com.ar\/parque-industrial\/#website"},"primaryImageOfPage":{"@id":"https:\/\/pilt.com.ar\/parque-industrial\/innovadora-empresa-comenzara-a-operar-en-la-nave-para-emprendedores\/#primaryimage"},"image":{"@id":"https:\/\/pilt.com.ar\/parque-industrial\/innovadora-empresa-comenzara-a-operar-en-la-nave-para-emprendedores\/#primaryimage"},"thumbnailUrl":"https:\/\/i0.wp.com\/pilt.com.ar\/parque-industrial\/wp-content\/uploads\/2021\/08\/WhatsApp-Image-2021-08-19-at-21.45.31.jpeg?fit=564%2C564&ssl=1","datePublished":"2021-08-20T12:26:41+00:00","dateModified":"2021-08-20T12:26:42+00:00","author":{"@id":"https:\/\/pilt.com.ar\/parque-industrial\/#\/schema\/person\/2dfb9e2464de1c3deef20c25c30a8306"},"inLanguage":"es","potentialAction":[{"@type":"ReadAction","target":["https:\/\/pilt.com.ar\/parque-industrial\/innovadora-empresa-comenzara-a-operar-en-la-nave-para-emprendedores\/"]}]},{"@type":"ImageObject","inLanguage":"es","@id":"https:\/\/pilt.com.ar\/parque-industrial\/innovadora-empresa-comenzara-a-operar-en-la-nave-para-emprendedores\/#primaryimage","url":"https:\/\/i0.wp.com\/pilt.com.ar\/parque-industrial\/wp-content\/uploads\/2021\/08\/WhatsApp-Image-2021-08-19-at-21.45.31.jpeg?fit=564%2C564&ssl=1","contentUrl":"https:\/\/i0.wp.com\/pilt.com.ar\/parque-industrial\/wp-content\/uploads\/2021\/08\/WhatsApp-Image-2021-08-19-at-21.45.31.jpeg?fit=564%2C564&ssl=1","width":564,"height":564},{"@type":"WebSite","@id":"https:\/\/pilt.com.ar\/parque-industrial\/#website","url":"https:\/\/pilt.com.ar\/parque-industrial\/","name":"PILT.com.ar","description":"Parque Industrial, Log\u00edstico y Tecnol\u00f3gico Villa Mar\u00eda","potentialAction":[{"@type":"SearchAction","target":{"@type":"EntryPoint","urlTemplate":"https:\/\/pilt.com.ar\/parque-industrial\/?s={search_term_string}"},"query-input":{"@type":"PropertyValueSpecification","valueRequired":true,"valueName":"search_term_string"}}],"inLanguage":"es"},{"@type":"Person","@id":"https:\/\/pilt.com.ar\/parque-industrial\/#\/schema\/person\/2dfb9e2464de1c3deef20c25c30a8306","name":"PILT","image":{"@type":"ImageObject","inLanguage":"es","@id":"https:\/\/secure.gravatar.com\/avatar\/5e3734c8d8c8e0b0d45f923c14a14d7b90521d573d02f0d91360a777095ee42b?s=96&d=mm&r=g","url":"https:\/\/secure.gravatar.com\/avatar\/5e3734c8d8c8e0b0d45f923c14a14d7b90521d573d02f0d91360a777095ee42b?s=96&d=mm&r=g","contentUrl":"https:\/\/secure.gravatar.com\/avatar\/5e3734c8d8c8e0b0d45f923c14a14d7b90521d573d02f0d91360a777095ee42b?s=96&d=mm&r=g","caption":"PILT"},"url":"https:\/\/pilt.com.ar\/parque-industrial\/author\/pilt\/"}]}},"jetpack_featured_media_url":"https:\/\/i0.wp.com\/pilt.com.ar\/parque-industrial\/wp-content\/uploads\/2021\/08\/WhatsApp-Image-2021-08-19-at-21.45.31.jpeg?fit=564%2C564&ssl=1","jetpack_sharing_enabled":true,"_links":{"self":[{"href":"https:\/\/pilt.com.ar\/parque-industrial\/wp-json\/wp\/v2\/posts\/1935","targetHints":{"allow":["GET"]}}],"collection":[{"href":"https:\/\/pilt.com.ar\/parque-industrial\/wp-json\/wp\/v2\/posts"}],"about":[{"href":"https:\/\/pilt.com.ar\/parque-industrial\/wp-json\/wp\/v2\/types\/post"}],"author":[{"embeddable":true,"href":"https:\/\/pilt.com.ar\/parque-industrial\/wp-json\/wp\/v2\/users\/3"}],"replies":[{"embeddable":true,"href":"https:\/\/pilt.com.ar\/parque-industrial\/wp-json\/wp\/v2\/comments?post=1935"}],"version-history":[{"count":1,"href":"https:\/\/pilt.com.ar\/parque-industrial\/wp-json\/wp\/v2\/posts\/1935\/revisions"}],"predecessor-version":[{"id":1937,"href":"https:\/\/pilt.com.ar\/parque-industrial\/wp-json\/wp\/v2\/posts\/1935\/revisions\/1937"}],"wp:featuredmedia":[{"embeddable":true,"href":"https:\/\/pilt.com.ar\/parque-industrial\/wp-json\/wp\/v2\/media\/1936"}],"wp:attachment":[{"href":"https:\/\/pilt.com.ar\/parque-industrial\/wp-json\/wp\/v2\/media?parent=1935"}],"wp:term":[{"taxonomy":"category","embeddable":true,"href":"https:\/\/pilt.com.ar\/parque-industrial\/wp-json\/wp\/v2\/categories?post=1935"},{"taxonomy":"post_tag","embeddable":true,"href":"https:\/\/pilt.com.ar\/parque-industrial\/wp-json\/wp\/v2\/tags?post=1935"}],"curies":[{"name":"wp","href":"https:\/\/api.w.org\/{rel}","templated":true}]}}