{"id":1932,"date":"2021-08-13T14:56:27","date_gmt":"2021-08-13T17:56:27","guid":{"rendered":"https:\/\/pilt.com.ar\/parque-industrial\/?p=1932"},"modified":"2021-08-13T14:56:27","modified_gmt":"2021-08-13T17:56:27","slug":"directivos-de-bancor-se-reunieron-con-emprendedores-en-el-pilt","status":"publish","type":"post","link":"https:\/\/pilt.com.ar\/parque-industrial\/directivos-de-bancor-se-reunieron-con-emprendedores-en-el-pilt\/","title":{"rendered":"DIRECTIVOS DE BANCOR SE REUNIERON CON EMPRENDEDORES EN EL PILT"},"content":{"rendered":"\n<p class=\"has-text-align-center\"><strong><em>Los funcionarios presentaron a las empresas que forman parte de la Nave para Emprendedores herramientas financieras para apuntalar sus actividades.<\/em><\/strong><\/p>\n\n\n\n<p class=\"has-text-align-justify\">Funcionarios del Banco de C\u00f3rdoba y de la Subsecretar\u00eda de Pymes de la Provincia mantuvieron una reuni\u00f3n con empresas que forman parte del programa Nave para Emprendedores y directivos del Parque Industrial, Log\u00edstico y Tecnol\u00f3gico Villa Mar\u00eda (PILT),&nbsp; los fines de presentar herramientas financieras para acompa\u00f1ar el desarrollo de las organizaciones promovidas por la entidad.<\/p>\n\n\n\n<p class=\"has-text-align-justify\">En ese sentido, el gerente Zonal de Villa Mar\u00eda del citado banco, Gabriel Corones, destac\u00f3 que la intenci\u00f3n de la instituci\u00f3n crediticia es \u201cofrecer todas las herramientas financieras con que cuenta la banca p\u00fablica provincial para asistir a los emprendedores de Villa Mar\u00eda y la regi\u00f3n. En este caso estuvimos en contacto con muchos emprendedores j\u00f3venes, con proyectos muy interesantes, y que seguramente necesitar\u00e1n el acompa\u00f1amiento para capital de trabajo y poder financiarse\u201d.<\/p>\n\n\n\n<p class=\"has-text-align-justify\">A su vez, Claudio Lenarduzzi, quien se desempe\u00f1a en la Gerencia Banca Pyme, expres\u00f3 que adem\u00e1s de escuchar las necesidades propias de cada empresario, presentaron el abanico de servicios financieros que tiene como foco y visi\u00f3n el desarrollo de la empresa pyme. \u201cEstamos atentos sus requerimientos y les pedimos que se acerquen al banco, ya que los vamos a acompa\u00f1ar para agregar valor a sus clientes, muchos de ellos ya vinculados con la entidad; vamos a trabajar en un cross selling, o sea, no solamente financiar a los emprendedores con los que estuvimos reunidos, sino tambi\u00e9n a sus clientes y proveedores, lo que dinamiza toda la cadena. Esto permite un acompa\u00f1amiento integral a la empresa pyme\u201d.<\/p>\n\n\n\n<p>Por su parte \u00c1ngel Quaglia, subsecretario Pyme, explic\u00f3 las acciones que est\u00e1n llevando adelante en la repartici\u00f3n para potenciar las actividades de las pymes de la provincia, a la vez que se mostr\u00f3 gratamente sorprendido por las propuestas de las empresas que forman parte del programa Nave para Emprendedores.<\/p>\n\n\n\n<p>\u201cEl ecosistema emprendedor de Villa Mar\u00eda es muy potente, con el Parque Industrial y las incubadoras de AERCA y la UNVM. Nosotros queremos acompa\u00f1ar el crecimiento y desarrollo de los emprendedores, porque en un futuro se van a transformar en pymes que generen empleo genuino\u201d, sostuvo el funcionario provincial.<\/p>\n\n\n\n<p class=\"has-text-align-justify\">Participaron del encuentro, adem\u00e1s de los citados Directivos, Carlos Montoto, gerente del PILT; David Baldassa, gerente Villa Mar\u00eda Centro de Bancor y Emilio Rosso, Banca Microempresas de la mencionada entidad; Franco Monetti, presidente del Ente de Desarrollo Productivo Villa Mar\u00eda; directores y miembros de empresas.<\/p>\n","protected":false},"excerpt":{"rendered":"<p>Los funcionarios presentaron a las empresas que forman parte de la Nave para Emprendedores herramientas financieras para apuntalar sus actividades. Funcionarios del Banco de C\u00f3rdoba y de la Subsecretar\u00eda de Pymes de la Provincia mantuvieron una reuni\u00f3n con empresas que forman parte del programa Nave para Emprendedores y directivos del Parque Industrial, Log\u00edstico y Tecnol\u00f3gico [&hellip;]<\/p>\n","protected":false},"author":3,"featured_media":1933,"comment_status":"open","ping_status":"open","sticky":false,"template":"","format":"standard","meta":{"_jetpack_memberships_contains_paid_content":false,"footnotes":""},"categories":[2],"tags":[],"class_list":["post-1932","post","type-post","status-publish","format-standard","has-post-thumbnail","hentry","category-noticias"],"yoast_head":"<!-- This site is optimized with the Yoast SEO plugin v27.5 - https:\/\/yoast.com\/product\/yoast-seo-wordpress\/ -->\n<title>DIRECTIVOS DE BANCOR SE REUNIERON CON EMPRENDEDORES EN EL PILT - PILT.com.ar<\/title>\n<meta name=\"robots\" content=\"index, follow, max-snippet:-1, max-image-preview:large, max-video-preview:-1\" \/>\n<link rel=\"canonical\" href=\"https:\/\/pilt.com.ar\/parque-industrial\/directivos-de-bancor-se-reunieron-con-emprendedores-en-el-pilt\/\" \/>\n<meta property=\"og:locale\" content=\"es_ES\" \/>\n<meta property=\"og:type\" content=\"article\" \/>\n<meta property=\"og:title\" content=\"DIRECTIVOS DE BANCOR SE REUNIERON CON EMPRENDEDORES EN EL PILT - PILT.com.ar\" \/>\n<meta property=\"og:description\" content=\"Los funcionarios presentaron a las empresas que forman parte de la Nave para Emprendedores herramientas financieras para apuntalar sus actividades. Funcionarios del Banco de C\u00f3rdoba y de la Subsecretar\u00eda de Pymes de la Provincia mantuvieron una reuni\u00f3n con empresas que forman parte del programa Nave para Emprendedores y directivos del Parque Industrial, Log\u00edstico y Tecnol\u00f3gico [&hellip;]\" \/>\n<meta property=\"og:url\" content=\"https:\/\/pilt.com.ar\/parque-industrial\/directivos-de-bancor-se-reunieron-con-emprendedores-en-el-pilt\/\" \/>\n<meta property=\"og:site_name\" content=\"PILT.com.ar\" \/>\n<meta property=\"article:published_time\" content=\"2021-08-13T17:56:27+00:00\" \/>\n<meta property=\"og:image\" content=\"https:\/\/i0.wp.com\/pilt.com.ar\/parque-industrial\/wp-content\/uploads\/2021\/08\/WhatsApp-Image-2021-08-12-at-16.12.34.jpeg?fit=1178%2C697&ssl=1\" \/>\n\t<meta property=\"og:image:width\" content=\"1178\" \/>\n\t<meta property=\"og:image:height\" content=\"697\" \/>\n\t<meta property=\"og:image:type\" content=\"image\/jpeg\" \/>\n<meta name=\"author\" content=\"PILT\" \/>\n<meta name=\"twitter:card\" content=\"summary_large_image\" \/>\n<meta name=\"twitter:label1\" content=\"Escrito por\" \/>\n\t<meta name=\"twitter:data1\" content=\"PILT\" \/>\n\t<meta name=\"twitter:label2\" content=\"Tiempo de lectura\" \/>\n\t<meta name=\"twitter:data2\" content=\"2 minutos\" \/>\n<script type=\"application\/ld+json\" class=\"yoast-schema-graph\">{\"@context\":\"https:\\\/\\\/schema.org\",\"@graph\":[{\"@type\":\"Article\",\"@id\":\"https:\\\/\\\/pilt.com.ar\\\/parque-industrial\\\/directivos-de-bancor-se-reunieron-con-emprendedores-en-el-pilt\\\/#article\",\"isPartOf\":{\"@id\":\"https:\\\/\\\/pilt.com.ar\\\/parque-industrial\\\/directivos-de-bancor-se-reunieron-con-emprendedores-en-el-pilt\\\/\"},\"author\":{\"name\":\"PILT\",\"@id\":\"https:\\\/\\\/pilt.com.ar\\\/parque-industrial\\\/#\\\/schema\\\/person\\\/2dfb9e2464de1c3deef20c25c30a8306\"},\"headline\":\"DIRECTIVOS DE BANCOR SE REUNIERON CON EMPRENDEDORES EN EL PILT\",\"datePublished\":\"2021-08-13T17:56:27+00:00\",\"mainEntityOfPage\":{\"@id\":\"https:\\\/\\\/pilt.com.ar\\\/parque-industrial\\\/directivos-de-bancor-se-reunieron-con-emprendedores-en-el-pilt\\\/\"},\"wordCount\":447,\"commentCount\":0,\"image\":{\"@id\":\"https:\\\/\\\/pilt.com.ar\\\/parque-industrial\\\/directivos-de-bancor-se-reunieron-con-emprendedores-en-el-pilt\\\/#primaryimage\"},\"thumbnailUrl\":\"https:\\\/\\\/i0.wp.com\\\/pilt.com.ar\\\/parque-industrial\\\/wp-content\\\/uploads\\\/2021\\\/08\\\/WhatsApp-Image-2021-08-12-at-16.12.34.jpeg?fit=1178%2C697&ssl=1\",\"articleSection\":[\"Noticias\"],\"inLanguage\":\"es\",\"potentialAction\":[{\"@type\":\"CommentAction\",\"name\":\"Comment\",\"target\":[\"https:\\\/\\\/pilt.com.ar\\\/parque-industrial\\\/directivos-de-bancor-se-reunieron-con-emprendedores-en-el-pilt\\\/#respond\"]}]},{\"@type\":\"WebPage\",\"@id\":\"https:\\\/\\\/pilt.com.ar\\\/parque-industrial\\\/directivos-de-bancor-se-reunieron-con-emprendedores-en-el-pilt\\\/\",\"url\":\"https:\\\/\\\/pilt.com.ar\\\/parque-industrial\\\/directivos-de-bancor-se-reunieron-con-emprendedores-en-el-pilt\\\/\",\"name\":\"DIRECTIVOS DE BANCOR SE REUNIERON CON EMPRENDEDORES EN EL PILT - PILT.com.ar\",\"isPartOf\":{\"@id\":\"https:\\\/\\\/pilt.com.ar\\\/parque-industrial\\\/#website\"},\"primaryImageOfPage\":{\"@id\":\"https:\\\/\\\/pilt.com.ar\\\/parque-industrial\\\/directivos-de-bancor-se-reunieron-con-emprendedores-en-el-pilt\\\/#primaryimage\"},\"image\":{\"@id\":\"https:\\\/\\\/pilt.com.ar\\\/parque-industrial\\\/directivos-de-bancor-se-reunieron-con-emprendedores-en-el-pilt\\\/#primaryimage\"},\"thumbnailUrl\":\"https:\\\/\\\/i0.wp.com\\\/pilt.com.ar\\\/parque-industrial\\\/wp-content\\\/uploads\\\/2021\\\/08\\\/WhatsApp-Image-2021-08-12-at-16.12.34.jpeg?fit=1178%2C697&ssl=1\",\"datePublished\":\"2021-08-13T17:56:27+00:00\",\"author\":{\"@id\":\"https:\\\/\\\/pilt.com.ar\\\/parque-industrial\\\/#\\\/schema\\\/person\\\/2dfb9e2464de1c3deef20c25c30a8306\"},\"inLanguage\":\"es\",\"potentialAction\":[{\"@type\":\"ReadAction\",\"target\":[\"https:\\\/\\\/pilt.com.ar\\\/parque-industrial\\\/directivos-de-bancor-se-reunieron-con-emprendedores-en-el-pilt\\\/\"]}]},{\"@type\":\"ImageObject\",\"inLanguage\":\"es\",\"@id\":\"https:\\\/\\\/pilt.com.ar\\\/parque-industrial\\\/directivos-de-bancor-se-reunieron-con-emprendedores-en-el-pilt\\\/#primaryimage\",\"url\":\"https:\\\/\\\/i0.wp.com\\\/pilt.com.ar\\\/parque-industrial\\\/wp-content\\\/uploads\\\/2021\\\/08\\\/WhatsApp-Image-2021-08-12-at-16.12.34.jpeg?fit=1178%2C697&ssl=1\",\"contentUrl\":\"https:\\\/\\\/i0.wp.com\\\/pilt.com.ar\\\/parque-industrial\\\/wp-content\\\/uploads\\\/2021\\\/08\\\/WhatsApp-Image-2021-08-12-at-16.12.34.jpeg?fit=1178%2C697&ssl=1\",\"width\":1178,\"height\":697},{\"@type\":\"WebSite\",\"@id\":\"https:\\\/\\\/pilt.com.ar\\\/parque-industrial\\\/#website\",\"url\":\"https:\\\/\\\/pilt.com.ar\\\/parque-industrial\\\/\",\"name\":\"PILT.com.ar\",\"description\":\"Parque Industrial, Log\u00edstico y Tecnol\u00f3gico Villa Mar\u00eda\",\"potentialAction\":[{\"@type\":\"SearchAction\",\"target\":{\"@type\":\"EntryPoint\",\"urlTemplate\":\"https:\\\/\\\/pilt.com.ar\\\/parque-industrial\\\/?s={search_term_string}\"},\"query-input\":{\"@type\":\"PropertyValueSpecification\",\"valueRequired\":true,\"valueName\":\"search_term_string\"}}],\"inLanguage\":\"es\"},{\"@type\":\"Person\",\"@id\":\"https:\\\/\\\/pilt.com.ar\\\/parque-industrial\\\/#\\\/schema\\\/person\\\/2dfb9e2464de1c3deef20c25c30a8306\",\"name\":\"PILT\",\"image\":{\"@type\":\"ImageObject\",\"inLanguage\":\"es\",\"@id\":\"https:\\\/\\\/secure.gravatar.com\\\/avatar\\\/5e3734c8d8c8e0b0d45f923c14a14d7b90521d573d02f0d91360a777095ee42b?s=96&d=mm&r=g\",\"url\":\"https:\\\/\\\/secure.gravatar.com\\\/avatar\\\/5e3734c8d8c8e0b0d45f923c14a14d7b90521d573d02f0d91360a777095ee42b?s=96&d=mm&r=g\",\"contentUrl\":\"https:\\\/\\\/secure.gravatar.com\\\/avatar\\\/5e3734c8d8c8e0b0d45f923c14a14d7b90521d573d02f0d91360a777095ee42b?s=96&d=mm&r=g\",\"caption\":\"PILT\"},\"url\":\"https:\\\/\\\/pilt.com.ar\\\/parque-industrial\\\/author\\\/pilt\\\/\"}]}<\/script>\n<!-- \/ Yoast SEO plugin. -->","yoast_head_json":{"title":"DIRECTIVOS DE BANCOR SE REUNIERON CON EMPRENDEDORES EN EL PILT - PILT.com.ar","robots":{"index":"index","follow":"follow","max-snippet":"max-snippet:-1","max-image-preview":"max-image-preview:large","max-video-preview":"max-video-preview:-1"},"canonical":"https:\/\/pilt.com.ar\/parque-industrial\/directivos-de-bancor-se-reunieron-con-emprendedores-en-el-pilt\/","og_locale":"es_ES","og_type":"article","og_title":"DIRECTIVOS DE BANCOR SE REUNIERON CON EMPRENDEDORES EN EL PILT - PILT.com.ar","og_description":"Los funcionarios presentaron a las empresas que forman parte de la Nave para Emprendedores herramientas financieras para apuntalar sus actividades. Funcionarios del Banco de C\u00f3rdoba y de la Subsecretar\u00eda de Pymes de la Provincia mantuvieron una reuni\u00f3n con empresas que forman parte del programa Nave para Emprendedores y directivos del Parque Industrial, Log\u00edstico y Tecnol\u00f3gico [&hellip;]","og_url":"https:\/\/pilt.com.ar\/parque-industrial\/directivos-de-bancor-se-reunieron-con-emprendedores-en-el-pilt\/","og_site_name":"PILT.com.ar","article_published_time":"2021-08-13T17:56:27+00:00","og_image":[{"width":1178,"height":697,"url":"https:\/\/i0.wp.com\/pilt.com.ar\/parque-industrial\/wp-content\/uploads\/2021\/08\/WhatsApp-Image-2021-08-12-at-16.12.34.jpeg?fit=1178%2C697&ssl=1","type":"image\/jpeg"}],"author":"PILT","twitter_card":"summary_large_image","twitter_misc":{"Escrito por":"PILT","Tiempo de lectura":"2 minutos"},"schema":{"@context":"https:\/\/schema.org","@graph":[{"@type":"Article","@id":"https:\/\/pilt.com.ar\/parque-industrial\/directivos-de-bancor-se-reunieron-con-emprendedores-en-el-pilt\/#article","isPartOf":{"@id":"https:\/\/pilt.com.ar\/parque-industrial\/directivos-de-bancor-se-reunieron-con-emprendedores-en-el-pilt\/"},"author":{"name":"PILT","@id":"https:\/\/pilt.com.ar\/parque-industrial\/#\/schema\/person\/2dfb9e2464de1c3deef20c25c30a8306"},"headline":"DIRECTIVOS DE BANCOR SE REUNIERON CON EMPRENDEDORES EN EL PILT","datePublished":"2021-08-13T17:56:27+00:00","mainEntityOfPage":{"@id":"https:\/\/pilt.com.ar\/parque-industrial\/directivos-de-bancor-se-reunieron-con-emprendedores-en-el-pilt\/"},"wordCount":447,"commentCount":0,"image":{"@id":"https:\/\/pilt.com.ar\/parque-industrial\/directivos-de-bancor-se-reunieron-con-emprendedores-en-el-pilt\/#primaryimage"},"thumbnailUrl":"https:\/\/i0.wp.com\/pilt.com.ar\/parque-industrial\/wp-content\/uploads\/2021\/08\/WhatsApp-Image-2021-08-12-at-16.12.34.jpeg?fit=1178%2C697&ssl=1","articleSection":["Noticias"],"inLanguage":"es","potentialAction":[{"@type":"CommentAction","name":"Comment","target":["https:\/\/pilt.com.ar\/parque-industrial\/directivos-de-bancor-se-reunieron-con-emprendedores-en-el-pilt\/#respond"]}]},{"@type":"WebPage","@id":"https:\/\/pilt.com.ar\/parque-industrial\/directivos-de-bancor-se-reunieron-con-emprendedores-en-el-pilt\/","url":"https:\/\/pilt.com.ar\/parque-industrial\/directivos-de-bancor-se-reunieron-con-emprendedores-en-el-pilt\/","name":"DIRECTIVOS DE BANCOR SE REUNIERON CON EMPRENDEDORES EN EL PILT - PILT.com.ar","isPartOf":{"@id":"https:\/\/pilt.com.ar\/parque-industrial\/#website"},"primaryImageOfPage":{"@id":"https:\/\/pilt.com.ar\/parque-industrial\/directivos-de-bancor-se-reunieron-con-emprendedores-en-el-pilt\/#primaryimage"},"image":{"@id":"https:\/\/pilt.com.ar\/parque-industrial\/directivos-de-bancor-se-reunieron-con-emprendedores-en-el-pilt\/#primaryimage"},"thumbnailUrl":"https:\/\/i0.wp.com\/pilt.com.ar\/parque-industrial\/wp-content\/uploads\/2021\/08\/WhatsApp-Image-2021-08-12-at-16.12.34.jpeg?fit=1178%2C697&ssl=1","datePublished":"2021-08-13T17:56:27+00:00","author":{"@id":"https:\/\/pilt.com.ar\/parque-industrial\/#\/schema\/person\/2dfb9e2464de1c3deef20c25c30a8306"},"inLanguage":"es","potentialAction":[{"@type":"ReadAction","target":["https:\/\/pilt.com.ar\/parque-industrial\/directivos-de-bancor-se-reunieron-con-emprendedores-en-el-pilt\/"]}]},{"@type":"ImageObject","inLanguage":"es","@id":"https:\/\/pilt.com.ar\/parque-industrial\/directivos-de-bancor-se-reunieron-con-emprendedores-en-el-pilt\/#primaryimage","url":"https:\/\/i0.wp.com\/pilt.com.ar\/parque-industrial\/wp-content\/uploads\/2021\/08\/WhatsApp-Image-2021-08-12-at-16.12.34.jpeg?fit=1178%2C697&ssl=1","contentUrl":"https:\/\/i0.wp.com\/pilt.com.ar\/parque-industrial\/wp-content\/uploads\/2021\/08\/WhatsApp-Image-2021-08-12-at-16.12.34.jpeg?fit=1178%2C697&ssl=1","width":1178,"height":697},{"@type":"WebSite","@id":"https:\/\/pilt.com.ar\/parque-industrial\/#website","url":"https:\/\/pilt.com.ar\/parque-industrial\/","name":"PILT.com.ar","description":"Parque Industrial, Log\u00edstico y Tecnol\u00f3gico Villa Mar\u00eda","potentialAction":[{"@type":"SearchAction","target":{"@type":"EntryPoint","urlTemplate":"https:\/\/pilt.com.ar\/parque-industrial\/?s={search_term_string}"},"query-input":{"@type":"PropertyValueSpecification","valueRequired":true,"valueName":"search_term_string"}}],"inLanguage":"es"},{"@type":"Person","@id":"https:\/\/pilt.com.ar\/parque-industrial\/#\/schema\/person\/2dfb9e2464de1c3deef20c25c30a8306","name":"PILT","image":{"@type":"ImageObject","inLanguage":"es","@id":"https:\/\/secure.gravatar.com\/avatar\/5e3734c8d8c8e0b0d45f923c14a14d7b90521d573d02f0d91360a777095ee42b?s=96&d=mm&r=g","url":"https:\/\/secure.gravatar.com\/avatar\/5e3734c8d8c8e0b0d45f923c14a14d7b90521d573d02f0d91360a777095ee42b?s=96&d=mm&r=g","contentUrl":"https:\/\/secure.gravatar.com\/avatar\/5e3734c8d8c8e0b0d45f923c14a14d7b90521d573d02f0d91360a777095ee42b?s=96&d=mm&r=g","caption":"PILT"},"url":"https:\/\/pilt.com.ar\/parque-industrial\/author\/pilt\/"}]}},"jetpack_featured_media_url":"https:\/\/i0.wp.com\/pilt.com.ar\/parque-industrial\/wp-content\/uploads\/2021\/08\/WhatsApp-Image-2021-08-12-at-16.12.34.jpeg?fit=1178%2C697&ssl=1","jetpack_sharing_enabled":true,"_links":{"self":[{"href":"https:\/\/pilt.com.ar\/parque-industrial\/wp-json\/wp\/v2\/posts\/1932","targetHints":{"allow":["GET"]}}],"collection":[{"href":"https:\/\/pilt.com.ar\/parque-industrial\/wp-json\/wp\/v2\/posts"}],"about":[{"href":"https:\/\/pilt.com.ar\/parque-industrial\/wp-json\/wp\/v2\/types\/post"}],"author":[{"embeddable":true,"href":"https:\/\/pilt.com.ar\/parque-industrial\/wp-json\/wp\/v2\/users\/3"}],"replies":[{"embeddable":true,"href":"https:\/\/pilt.com.ar\/parque-industrial\/wp-json\/wp\/v2\/comments?post=1932"}],"version-history":[{"count":1,"href":"https:\/\/pilt.com.ar\/parque-industrial\/wp-json\/wp\/v2\/posts\/1932\/revisions"}],"predecessor-version":[{"id":1934,"href":"https:\/\/pilt.com.ar\/parque-industrial\/wp-json\/wp\/v2\/posts\/1932\/revisions\/1934"}],"wp:featuredmedia":[{"embeddable":true,"href":"https:\/\/pilt.com.ar\/parque-industrial\/wp-json\/wp\/v2\/media\/1933"}],"wp:attachment":[{"href":"https:\/\/pilt.com.ar\/parque-industrial\/wp-json\/wp\/v2\/media?parent=1932"}],"wp:term":[{"taxonomy":"category","embeddable":true,"href":"https:\/\/pilt.com.ar\/parque-industrial\/wp-json\/wp\/v2\/categories?post=1932"},{"taxonomy":"post_tag","embeddable":true,"href":"https:\/\/pilt.com.ar\/parque-industrial\/wp-json\/wp\/v2\/tags?post=1932"}],"curies":[{"name":"wp","href":"https:\/\/api.w.org\/{rel}","templated":true}]}}