{"id":1901,"date":"2021-07-08T21:46:25","date_gmt":"2021-07-09T00:46:25","guid":{"rendered":"https:\/\/pilt.com.ar\/parque-industrial\/?p=1901"},"modified":"2021-07-08T21:46:26","modified_gmt":"2021-07-09T00:46:26","slug":"reunion-con-el-consejo-de-ciencias-informaticas","status":"publish","type":"post","link":"https:\/\/pilt.com.ar\/parque-industrial\/reunion-con-el-consejo-de-ciencias-informaticas\/","title":{"rendered":"REUNI\u00d3N CON EL CONSEJO DE CIENCIAS INFORM\u00c1TICAS"},"content":{"rendered":"\n<p class=\"has-text-align-center\"><strong><em>Con el presidente de la entidad, Fernando Villagra, se analiz\u00f3 la firma de un convenio de colaboraci\u00f3n entre las partes.<\/em><\/strong><\/p>\n\n\n\n<p class=\"has-text-align-justify\">D\u00edas pasados el titular del Consejo de Ciencias Inform\u00e1ticas de la Provincia de C\u00f3rdoba (CPCIPC), Fernando Villagra, visit\u00f3 el Parque Industrial, Log\u00edstico y Tecnol\u00f3gico Villa Mar\u00eda (PILT) en donde se reuni\u00f3 con el gerente, Carlos Montoto.<\/p>\n\n\n\n<p class=\"has-text-align-justify\">Gestion\u00f3 el encuentro\u2013tambi\u00e9n particip\u00f3 del mismo- Gustavo G\u00f3mez Arrufat, quien lo hizo en su doble rol de director del Parque y Coordinador de Delegaciones de la entidad inform\u00e1tica.<\/p>\n\n\n\n<p class=\"has-text-align-justify\">Villagra dio conocer las l\u00edneas de acci\u00f3n que est\u00e1n llevando adelante desde el Consejo Profesional,poni\u00e9ndose a disposici\u00f3n para trabajar en conjunto sobre aquellos aspectos que interesen a las industrias que conforman el PILT. A la vez, durante la reuni\u00f3n se plante\u00f3 avanzar en un acuerdo marco de colaboraci\u00f3n entre las partes, determinando en una primera instancia diversos ejes de trabajo.<\/p>\n\n\n\n<p class=\"has-text-align-justify\">En ese sentido, seg\u00fan detall\u00f3 G\u00f3mez Arrufat, \u201cse observan necesidades de los miembros del Parque en cu\u00e1nto a tecnolog\u00edas, en donde el Consejo podr\u00eda brindar charlas informativas y capacitaciones sobre diversos aspectos. Asimismo, r\u00e1pidamente en la charla surgieron algunos temas, como todo lo relacionado a la ciberseguridad, que es algo muy importante por estos d\u00edasya que es necesario contar con procedimientos que permitan resguardar a personas y empresas. Sin dudas que ese es un punto a trabajar\u201d.<\/p>\n\n\n\n<p class=\"has-text-align-justify\">El directivo mencion\u00f3 que otro eje tiene que ver con internet de las cosas, \u201cque est\u00e1 cambiando la fisonom\u00eda de las industrias. Adem\u00e1s est\u00e1 el tema de la robotizaci\u00f3n de procesos industriales y procesos asistidos por inteligencia artificial. Se trata de \u00e1reas que son comunes a todas las organizaciones\u201d.<\/p>\n\n\n\n<p>Por otro lado, desde el PILT proyectan realizar un relevamiento para que las empresas den a conocer necesidades puntuales en las que el CPCIPC pueda contribuir, tanto en lo relativo a la formaci\u00f3n como a colaboraci\u00f3n t\u00e9cnica.<\/p>\n","protected":false},"excerpt":{"rendered":"<p>Con el presidente de la entidad, Fernando Villagra, se analiz\u00f3 la firma de un convenio de colaboraci\u00f3n entre las partes. D\u00edas pasados el titular del Consejo de Ciencias Inform\u00e1ticas de la Provincia de C\u00f3rdoba (CPCIPC), Fernando Villagra, visit\u00f3 el Parque Industrial, Log\u00edstico y Tecnol\u00f3gico Villa Mar\u00eda (PILT) en donde se reuni\u00f3 con el gerente, Carlos [&hellip;]<\/p>\n","protected":false},"author":3,"featured_media":1902,"comment_status":"open","ping_status":"open","sticky":false,"template":"","format":"standard","meta":{"_jetpack_memberships_contains_paid_content":false,"footnotes":""},"categories":[2],"tags":[],"class_list":["post-1901","post","type-post","status-publish","format-standard","has-post-thumbnail","hentry","category-noticias"],"yoast_head":"<!-- This site is optimized with the Yoast SEO plugin v27.5 - https:\/\/yoast.com\/product\/yoast-seo-wordpress\/ -->\n<title>REUNI\u00d3N CON EL CONSEJO DE CIENCIAS INFORM\u00c1TICAS - PILT.com.ar<\/title>\n<meta name=\"robots\" content=\"index, follow, max-snippet:-1, max-image-preview:large, max-video-preview:-1\" \/>\n<link rel=\"canonical\" href=\"https:\/\/pilt.com.ar\/parque-industrial\/reunion-con-el-consejo-de-ciencias-informaticas\/\" \/>\n<meta property=\"og:locale\" content=\"es_ES\" \/>\n<meta property=\"og:type\" content=\"article\" \/>\n<meta property=\"og:title\" content=\"REUNI\u00d3N CON EL CONSEJO DE CIENCIAS INFORM\u00c1TICAS - PILT.com.ar\" \/>\n<meta property=\"og:description\" content=\"Con el presidente de la entidad, Fernando Villagra, se analiz\u00f3 la firma de un convenio de colaboraci\u00f3n entre las partes. D\u00edas pasados el titular del Consejo de Ciencias Inform\u00e1ticas de la Provincia de C\u00f3rdoba (CPCIPC), Fernando Villagra, visit\u00f3 el Parque Industrial, Log\u00edstico y Tecnol\u00f3gico Villa Mar\u00eda (PILT) en donde se reuni\u00f3 con el gerente, Carlos [&hellip;]\" \/>\n<meta property=\"og:url\" content=\"https:\/\/pilt.com.ar\/parque-industrial\/reunion-con-el-consejo-de-ciencias-informaticas\/\" \/>\n<meta property=\"og:site_name\" content=\"PILT.com.ar\" \/>\n<meta property=\"article:published_time\" content=\"2021-07-09T00:46:25+00:00\" \/>\n<meta property=\"article:modified_time\" content=\"2021-07-09T00:46:26+00:00\" \/>\n<meta property=\"og:image\" content=\"https:\/\/i0.wp.com\/pilt.com.ar\/parque-industrial\/wp-content\/uploads\/2021\/07\/WhatsApp-Image-2021-07-07-at-15.11.15.jpeg?fit=1280%2C720&ssl=1\" \/>\n\t<meta property=\"og:image:width\" content=\"1280\" \/>\n\t<meta property=\"og:image:height\" content=\"720\" \/>\n\t<meta property=\"og:image:type\" content=\"image\/jpeg\" \/>\n<meta name=\"author\" content=\"PILT\" \/>\n<meta name=\"twitter:card\" content=\"summary_large_image\" \/>\n<meta name=\"twitter:label1\" content=\"Escrito por\" \/>\n\t<meta name=\"twitter:data1\" content=\"PILT\" \/>\n\t<meta name=\"twitter:label2\" content=\"Tiempo de lectura\" \/>\n\t<meta name=\"twitter:data2\" content=\"2 minutos\" \/>\n<script type=\"application\/ld+json\" class=\"yoast-schema-graph\">{\"@context\":\"https:\\\/\\\/schema.org\",\"@graph\":[{\"@type\":\"Article\",\"@id\":\"https:\\\/\\\/pilt.com.ar\\\/parque-industrial\\\/reunion-con-el-consejo-de-ciencias-informaticas\\\/#article\",\"isPartOf\":{\"@id\":\"https:\\\/\\\/pilt.com.ar\\\/parque-industrial\\\/reunion-con-el-consejo-de-ciencias-informaticas\\\/\"},\"author\":{\"name\":\"PILT\",\"@id\":\"https:\\\/\\\/pilt.com.ar\\\/parque-industrial\\\/#\\\/schema\\\/person\\\/2dfb9e2464de1c3deef20c25c30a8306\"},\"headline\":\"REUNI\u00d3N CON EL CONSEJO DE CIENCIAS INFORM\u00c1TICAS\",\"datePublished\":\"2021-07-09T00:46:25+00:00\",\"dateModified\":\"2021-07-09T00:46:26+00:00\",\"mainEntityOfPage\":{\"@id\":\"https:\\\/\\\/pilt.com.ar\\\/parque-industrial\\\/reunion-con-el-consejo-de-ciencias-informaticas\\\/\"},\"wordCount\":348,\"commentCount\":0,\"image\":{\"@id\":\"https:\\\/\\\/pilt.com.ar\\\/parque-industrial\\\/reunion-con-el-consejo-de-ciencias-informaticas\\\/#primaryimage\"},\"thumbnailUrl\":\"https:\\\/\\\/i0.wp.com\\\/pilt.com.ar\\\/parque-industrial\\\/wp-content\\\/uploads\\\/2021\\\/07\\\/WhatsApp-Image-2021-07-07-at-15.11.15.jpeg?fit=1280%2C720&ssl=1\",\"articleSection\":[\"Noticias\"],\"inLanguage\":\"es\",\"potentialAction\":[{\"@type\":\"CommentAction\",\"name\":\"Comment\",\"target\":[\"https:\\\/\\\/pilt.com.ar\\\/parque-industrial\\\/reunion-con-el-consejo-de-ciencias-informaticas\\\/#respond\"]}]},{\"@type\":\"WebPage\",\"@id\":\"https:\\\/\\\/pilt.com.ar\\\/parque-industrial\\\/reunion-con-el-consejo-de-ciencias-informaticas\\\/\",\"url\":\"https:\\\/\\\/pilt.com.ar\\\/parque-industrial\\\/reunion-con-el-consejo-de-ciencias-informaticas\\\/\",\"name\":\"REUNI\u00d3N CON EL CONSEJO DE CIENCIAS INFORM\u00c1TICAS - PILT.com.ar\",\"isPartOf\":{\"@id\":\"https:\\\/\\\/pilt.com.ar\\\/parque-industrial\\\/#website\"},\"primaryImageOfPage\":{\"@id\":\"https:\\\/\\\/pilt.com.ar\\\/parque-industrial\\\/reunion-con-el-consejo-de-ciencias-informaticas\\\/#primaryimage\"},\"image\":{\"@id\":\"https:\\\/\\\/pilt.com.ar\\\/parque-industrial\\\/reunion-con-el-consejo-de-ciencias-informaticas\\\/#primaryimage\"},\"thumbnailUrl\":\"https:\\\/\\\/i0.wp.com\\\/pilt.com.ar\\\/parque-industrial\\\/wp-content\\\/uploads\\\/2021\\\/07\\\/WhatsApp-Image-2021-07-07-at-15.11.15.jpeg?fit=1280%2C720&ssl=1\",\"datePublished\":\"2021-07-09T00:46:25+00:00\",\"dateModified\":\"2021-07-09T00:46:26+00:00\",\"author\":{\"@id\":\"https:\\\/\\\/pilt.com.ar\\\/parque-industrial\\\/#\\\/schema\\\/person\\\/2dfb9e2464de1c3deef20c25c30a8306\"},\"inLanguage\":\"es\",\"potentialAction\":[{\"@type\":\"ReadAction\",\"target\":[\"https:\\\/\\\/pilt.com.ar\\\/parque-industrial\\\/reunion-con-el-consejo-de-ciencias-informaticas\\\/\"]}]},{\"@type\":\"ImageObject\",\"inLanguage\":\"es\",\"@id\":\"https:\\\/\\\/pilt.com.ar\\\/parque-industrial\\\/reunion-con-el-consejo-de-ciencias-informaticas\\\/#primaryimage\",\"url\":\"https:\\\/\\\/i0.wp.com\\\/pilt.com.ar\\\/parque-industrial\\\/wp-content\\\/uploads\\\/2021\\\/07\\\/WhatsApp-Image-2021-07-07-at-15.11.15.jpeg?fit=1280%2C720&ssl=1\",\"contentUrl\":\"https:\\\/\\\/i0.wp.com\\\/pilt.com.ar\\\/parque-industrial\\\/wp-content\\\/uploads\\\/2021\\\/07\\\/WhatsApp-Image-2021-07-07-at-15.11.15.jpeg?fit=1280%2C720&ssl=1\",\"width\":1280,\"height\":720},{\"@type\":\"WebSite\",\"@id\":\"https:\\\/\\\/pilt.com.ar\\\/parque-industrial\\\/#website\",\"url\":\"https:\\\/\\\/pilt.com.ar\\\/parque-industrial\\\/\",\"name\":\"PILT.com.ar\",\"description\":\"Parque Industrial, Log\u00edstico y Tecnol\u00f3gico Villa Mar\u00eda\",\"potentialAction\":[{\"@type\":\"SearchAction\",\"target\":{\"@type\":\"EntryPoint\",\"urlTemplate\":\"https:\\\/\\\/pilt.com.ar\\\/parque-industrial\\\/?s={search_term_string}\"},\"query-input\":{\"@type\":\"PropertyValueSpecification\",\"valueRequired\":true,\"valueName\":\"search_term_string\"}}],\"inLanguage\":\"es\"},{\"@type\":\"Person\",\"@id\":\"https:\\\/\\\/pilt.com.ar\\\/parque-industrial\\\/#\\\/schema\\\/person\\\/2dfb9e2464de1c3deef20c25c30a8306\",\"name\":\"PILT\",\"image\":{\"@type\":\"ImageObject\",\"inLanguage\":\"es\",\"@id\":\"https:\\\/\\\/secure.gravatar.com\\\/avatar\\\/5e3734c8d8c8e0b0d45f923c14a14d7b90521d573d02f0d91360a777095ee42b?s=96&d=mm&r=g\",\"url\":\"https:\\\/\\\/secure.gravatar.com\\\/avatar\\\/5e3734c8d8c8e0b0d45f923c14a14d7b90521d573d02f0d91360a777095ee42b?s=96&d=mm&r=g\",\"contentUrl\":\"https:\\\/\\\/secure.gravatar.com\\\/avatar\\\/5e3734c8d8c8e0b0d45f923c14a14d7b90521d573d02f0d91360a777095ee42b?s=96&d=mm&r=g\",\"caption\":\"PILT\"},\"url\":\"https:\\\/\\\/pilt.com.ar\\\/parque-industrial\\\/author\\\/pilt\\\/\"}]}<\/script>\n<!-- \/ Yoast SEO plugin. -->","yoast_head_json":{"title":"REUNI\u00d3N CON EL CONSEJO DE CIENCIAS INFORM\u00c1TICAS - PILT.com.ar","robots":{"index":"index","follow":"follow","max-snippet":"max-snippet:-1","max-image-preview":"max-image-preview:large","max-video-preview":"max-video-preview:-1"},"canonical":"https:\/\/pilt.com.ar\/parque-industrial\/reunion-con-el-consejo-de-ciencias-informaticas\/","og_locale":"es_ES","og_type":"article","og_title":"REUNI\u00d3N CON EL CONSEJO DE CIENCIAS INFORM\u00c1TICAS - PILT.com.ar","og_description":"Con el presidente de la entidad, Fernando Villagra, se analiz\u00f3 la firma de un convenio de colaboraci\u00f3n entre las partes. D\u00edas pasados el titular del Consejo de Ciencias Inform\u00e1ticas de la Provincia de C\u00f3rdoba (CPCIPC), Fernando Villagra, visit\u00f3 el Parque Industrial, Log\u00edstico y Tecnol\u00f3gico Villa Mar\u00eda (PILT) en donde se reuni\u00f3 con el gerente, Carlos [&hellip;]","og_url":"https:\/\/pilt.com.ar\/parque-industrial\/reunion-con-el-consejo-de-ciencias-informaticas\/","og_site_name":"PILT.com.ar","article_published_time":"2021-07-09T00:46:25+00:00","article_modified_time":"2021-07-09T00:46:26+00:00","og_image":[{"width":1280,"height":720,"url":"https:\/\/i0.wp.com\/pilt.com.ar\/parque-industrial\/wp-content\/uploads\/2021\/07\/WhatsApp-Image-2021-07-07-at-15.11.15.jpeg?fit=1280%2C720&ssl=1","type":"image\/jpeg"}],"author":"PILT","twitter_card":"summary_large_image","twitter_misc":{"Escrito por":"PILT","Tiempo de lectura":"2 minutos"},"schema":{"@context":"https:\/\/schema.org","@graph":[{"@type":"Article","@id":"https:\/\/pilt.com.ar\/parque-industrial\/reunion-con-el-consejo-de-ciencias-informaticas\/#article","isPartOf":{"@id":"https:\/\/pilt.com.ar\/parque-industrial\/reunion-con-el-consejo-de-ciencias-informaticas\/"},"author":{"name":"PILT","@id":"https:\/\/pilt.com.ar\/parque-industrial\/#\/schema\/person\/2dfb9e2464de1c3deef20c25c30a8306"},"headline":"REUNI\u00d3N CON EL CONSEJO DE CIENCIAS INFORM\u00c1TICAS","datePublished":"2021-07-09T00:46:25+00:00","dateModified":"2021-07-09T00:46:26+00:00","mainEntityOfPage":{"@id":"https:\/\/pilt.com.ar\/parque-industrial\/reunion-con-el-consejo-de-ciencias-informaticas\/"},"wordCount":348,"commentCount":0,"image":{"@id":"https:\/\/pilt.com.ar\/parque-industrial\/reunion-con-el-consejo-de-ciencias-informaticas\/#primaryimage"},"thumbnailUrl":"https:\/\/i0.wp.com\/pilt.com.ar\/parque-industrial\/wp-content\/uploads\/2021\/07\/WhatsApp-Image-2021-07-07-at-15.11.15.jpeg?fit=1280%2C720&ssl=1","articleSection":["Noticias"],"inLanguage":"es","potentialAction":[{"@type":"CommentAction","name":"Comment","target":["https:\/\/pilt.com.ar\/parque-industrial\/reunion-con-el-consejo-de-ciencias-informaticas\/#respond"]}]},{"@type":"WebPage","@id":"https:\/\/pilt.com.ar\/parque-industrial\/reunion-con-el-consejo-de-ciencias-informaticas\/","url":"https:\/\/pilt.com.ar\/parque-industrial\/reunion-con-el-consejo-de-ciencias-informaticas\/","name":"REUNI\u00d3N CON EL CONSEJO DE CIENCIAS INFORM\u00c1TICAS - PILT.com.ar","isPartOf":{"@id":"https:\/\/pilt.com.ar\/parque-industrial\/#website"},"primaryImageOfPage":{"@id":"https:\/\/pilt.com.ar\/parque-industrial\/reunion-con-el-consejo-de-ciencias-informaticas\/#primaryimage"},"image":{"@id":"https:\/\/pilt.com.ar\/parque-industrial\/reunion-con-el-consejo-de-ciencias-informaticas\/#primaryimage"},"thumbnailUrl":"https:\/\/i0.wp.com\/pilt.com.ar\/parque-industrial\/wp-content\/uploads\/2021\/07\/WhatsApp-Image-2021-07-07-at-15.11.15.jpeg?fit=1280%2C720&ssl=1","datePublished":"2021-07-09T00:46:25+00:00","dateModified":"2021-07-09T00:46:26+00:00","author":{"@id":"https:\/\/pilt.com.ar\/parque-industrial\/#\/schema\/person\/2dfb9e2464de1c3deef20c25c30a8306"},"inLanguage":"es","potentialAction":[{"@type":"ReadAction","target":["https:\/\/pilt.com.ar\/parque-industrial\/reunion-con-el-consejo-de-ciencias-informaticas\/"]}]},{"@type":"ImageObject","inLanguage":"es","@id":"https:\/\/pilt.com.ar\/parque-industrial\/reunion-con-el-consejo-de-ciencias-informaticas\/#primaryimage","url":"https:\/\/i0.wp.com\/pilt.com.ar\/parque-industrial\/wp-content\/uploads\/2021\/07\/WhatsApp-Image-2021-07-07-at-15.11.15.jpeg?fit=1280%2C720&ssl=1","contentUrl":"https:\/\/i0.wp.com\/pilt.com.ar\/parque-industrial\/wp-content\/uploads\/2021\/07\/WhatsApp-Image-2021-07-07-at-15.11.15.jpeg?fit=1280%2C720&ssl=1","width":1280,"height":720},{"@type":"WebSite","@id":"https:\/\/pilt.com.ar\/parque-industrial\/#website","url":"https:\/\/pilt.com.ar\/parque-industrial\/","name":"PILT.com.ar","description":"Parque Industrial, Log\u00edstico y Tecnol\u00f3gico Villa Mar\u00eda","potentialAction":[{"@type":"SearchAction","target":{"@type":"EntryPoint","urlTemplate":"https:\/\/pilt.com.ar\/parque-industrial\/?s={search_term_string}"},"query-input":{"@type":"PropertyValueSpecification","valueRequired":true,"valueName":"search_term_string"}}],"inLanguage":"es"},{"@type":"Person","@id":"https:\/\/pilt.com.ar\/parque-industrial\/#\/schema\/person\/2dfb9e2464de1c3deef20c25c30a8306","name":"PILT","image":{"@type":"ImageObject","inLanguage":"es","@id":"https:\/\/secure.gravatar.com\/avatar\/5e3734c8d8c8e0b0d45f923c14a14d7b90521d573d02f0d91360a777095ee42b?s=96&d=mm&r=g","url":"https:\/\/secure.gravatar.com\/avatar\/5e3734c8d8c8e0b0d45f923c14a14d7b90521d573d02f0d91360a777095ee42b?s=96&d=mm&r=g","contentUrl":"https:\/\/secure.gravatar.com\/avatar\/5e3734c8d8c8e0b0d45f923c14a14d7b90521d573d02f0d91360a777095ee42b?s=96&d=mm&r=g","caption":"PILT"},"url":"https:\/\/pilt.com.ar\/parque-industrial\/author\/pilt\/"}]}},"jetpack_featured_media_url":"https:\/\/i0.wp.com\/pilt.com.ar\/parque-industrial\/wp-content\/uploads\/2021\/07\/WhatsApp-Image-2021-07-07-at-15.11.15.jpeg?fit=1280%2C720&ssl=1","jetpack_sharing_enabled":true,"_links":{"self":[{"href":"https:\/\/pilt.com.ar\/parque-industrial\/wp-json\/wp\/v2\/posts\/1901","targetHints":{"allow":["GET"]}}],"collection":[{"href":"https:\/\/pilt.com.ar\/parque-industrial\/wp-json\/wp\/v2\/posts"}],"about":[{"href":"https:\/\/pilt.com.ar\/parque-industrial\/wp-json\/wp\/v2\/types\/post"}],"author":[{"embeddable":true,"href":"https:\/\/pilt.com.ar\/parque-industrial\/wp-json\/wp\/v2\/users\/3"}],"replies":[{"embeddable":true,"href":"https:\/\/pilt.com.ar\/parque-industrial\/wp-json\/wp\/v2\/comments?post=1901"}],"version-history":[{"count":1,"href":"https:\/\/pilt.com.ar\/parque-industrial\/wp-json\/wp\/v2\/posts\/1901\/revisions"}],"predecessor-version":[{"id":1903,"href":"https:\/\/pilt.com.ar\/parque-industrial\/wp-json\/wp\/v2\/posts\/1901\/revisions\/1903"}],"wp:featuredmedia":[{"embeddable":true,"href":"https:\/\/pilt.com.ar\/parque-industrial\/wp-json\/wp\/v2\/media\/1902"}],"wp:attachment":[{"href":"https:\/\/pilt.com.ar\/parque-industrial\/wp-json\/wp\/v2\/media?parent=1901"}],"wp:term":[{"taxonomy":"category","embeddable":true,"href":"https:\/\/pilt.com.ar\/parque-industrial\/wp-json\/wp\/v2\/categories?post=1901"},{"taxonomy":"post_tag","embeddable":true,"href":"https:\/\/pilt.com.ar\/parque-industrial\/wp-json\/wp\/v2\/tags?post=1901"}],"curies":[{"name":"wp","href":"https:\/\/api.w.org\/{rel}","templated":true}]}}