{"id":1894,"date":"2021-06-25T15:19:32","date_gmt":"2021-06-25T18:19:32","guid":{"rendered":"https:\/\/pilt.com.ar\/parque-industrial\/?p=1894"},"modified":"2021-06-25T15:19:35","modified_gmt":"2021-06-25T18:19:35","slug":"firma-de-convenio-con-la-universidad-nacional-de-villa-maria","status":"publish","type":"post","link":"https:\/\/pilt.com.ar\/parque-industrial\/firma-de-convenio-con-la-universidad-nacional-de-villa-maria\/","title":{"rendered":"FIRMA DE CONVENIO CON LA UNIVERSIDAD NACIONAL DE VILLA MAR\u00cdA"},"content":{"rendered":"\n<p class=\"has-text-align-center\"><strong><em>Se trata de un acuerdo de cooperaci\u00f3n y complementaci\u00f3n. Prev\u00e9 desde la realizaci\u00f3n de cursos hasta actividades conjuntas de investigaci\u00f3n.<\/em><\/strong><\/p>\n\n\n\n<p class=\"has-text-align-justify\">Carlos Pizzorno, presidente del Parque Industrial, Log\u00edstico y Tecnol\u00f3gico Villa Mar\u00eda (PILT), y Luis Negretti, rector de la Universidad Nacional de Villa Mar\u00eda (UNVM), rubricaron en la sede de la entidad fabril un convenio de colaboraci\u00f3n rec\u00edproca con el prop\u00f3sito de coordinar y complementar actividades de investigaci\u00f3n y extensi\u00f3n en diferentes aspectos, como la formaci\u00f3n profesional; capacitaci\u00f3n laboral; asesoramiento y servicio t\u00e9cnico; y desarrollo tecnol\u00f3gico &#8211; productivo. En ese marco se propone la realizaci\u00f3n de cursos, conferencias, talleres y otras actividades pertinentes.<\/p>\n\n\n\n<p class=\"has-text-align-justify\">En el acto, que cont\u00f3 adem\u00e1s con la presencia de directivos de ambas instituciones, docentes y empresarios, tanto Pizzorno como Negretti resaltaron la importancia del trabajo conjunto para potenciar las actividades empresarias y acad\u00e9micas.<\/p>\n\n\n\n<p class=\"has-text-align-justify\">El titular del PILT destac\u00f3 la significaci\u00f3n de vincular la investigaci\u00f3n cient\u00edfica con la cotidianeidad de la industria, ya que es \u201cfundamental para agregar valor a las organizaciones productivas. Este es un intento por hacer una comunicaci\u00f3n m\u00e1s fluida, un v\u00ednculo permanente. Nosotros como entidad queremos ser justamente ese nexo\u201d.<\/p>\n\n\n\n<p class=\"has-text-align-justify\">A la vez, valor\u00f3 la posibilidad de realizar capacitaciones. \u201cEs la forma de elevar el nivel de nuestra empresas porque \u00e9stas, en definitiva, son las personas que las conforman\u201d, afirm\u00f3 Pizzorno.<\/p>\n\n\n\n<p class=\"has-text-align-justify\">Por su parte, Negretti se\u00f1al\u00f3 que desde la UNVM vienen trabajando con el Parque Industrial desde hace muchos a\u00f1os y el convenio es una manera formalizar la relaci\u00f3n.<\/p>\n\n\n\n<p class=\"has-text-align-justify\">\u201cNosotros podemos acompa\u00f1ar en m\u00faltiples actividades a las industrias que est\u00e1n aqu\u00ed instaladas, tanto por nuestro perfil formativo; por los graduados y graduadas que genera la universidad y tambi\u00e9n por el conocimiento de los investigadores e investigadoras\u201d, sostuvo el rector.<\/p>\n\n\n\n<p class=\"has-text-align-justify\">Agreg\u00f3 adem\u00e1s que \u201ctenemos l\u00edneas de investigaci\u00f3n que est\u00e1n trabajando en biog\u00e1s; en el fortalecimiento y agregado de valor en producci\u00f3n primaria, fundamentalmente en materia de alimentos; tambi\u00e9n tenemos centros de investigaci\u00f3n y transferencia de doble dependencia, UNVM y CONICET.&nbsp; Creo que podemos generar una sinergia importante\u201d.<\/p>\n\n\n\n<p class=\"has-text-align-justify\">Vale decir que en los pr\u00f3ximos d\u00edas las instituciones designar\u00e1n representantes para coordinar y supervisar la implementaci\u00f3n de acciones que se concretar\u00e1n a partir del convenio.<\/p>\n","protected":false},"excerpt":{"rendered":"<p>Se trata de un acuerdo de cooperaci\u00f3n y complementaci\u00f3n. Prev\u00e9 desde la realizaci\u00f3n de cursos hasta actividades conjuntas de investigaci\u00f3n. Carlos Pizzorno, presidente del Parque Industrial, Log\u00edstico y Tecnol\u00f3gico Villa Mar\u00eda (PILT), y Luis Negretti, rector de la Universidad Nacional de Villa Mar\u00eda (UNVM), rubricaron en la sede de la entidad fabril un convenio de [&hellip;]<\/p>\n","protected":false},"author":3,"featured_media":1895,"comment_status":"open","ping_status":"open","sticky":false,"template":"","format":"standard","meta":{"_jetpack_memberships_contains_paid_content":false,"footnotes":""},"categories":[2],"tags":[],"class_list":["post-1894","post","type-post","status-publish","format-standard","has-post-thumbnail","hentry","category-noticias"],"yoast_head":"<!-- This site is optimized with the Yoast SEO plugin v27.5 - https:\/\/yoast.com\/product\/yoast-seo-wordpress\/ -->\n<title>FIRMA DE CONVENIO CON LA UNIVERSIDAD NACIONAL DE VILLA MAR\u00cdA - PILT.com.ar<\/title>\n<meta name=\"robots\" content=\"index, follow, max-snippet:-1, max-image-preview:large, max-video-preview:-1\" \/>\n<link rel=\"canonical\" href=\"https:\/\/pilt.com.ar\/parque-industrial\/firma-de-convenio-con-la-universidad-nacional-de-villa-maria\/\" \/>\n<meta property=\"og:locale\" content=\"es_ES\" \/>\n<meta property=\"og:type\" content=\"article\" \/>\n<meta property=\"og:title\" content=\"FIRMA DE CONVENIO CON LA UNIVERSIDAD NACIONAL DE VILLA MAR\u00cdA - PILT.com.ar\" \/>\n<meta property=\"og:description\" content=\"Se trata de un acuerdo de cooperaci\u00f3n y complementaci\u00f3n. Prev\u00e9 desde la realizaci\u00f3n de cursos hasta actividades conjuntas de investigaci\u00f3n. Carlos Pizzorno, presidente del Parque Industrial, Log\u00edstico y Tecnol\u00f3gico Villa Mar\u00eda (PILT), y Luis Negretti, rector de la Universidad Nacional de Villa Mar\u00eda (UNVM), rubricaron en la sede de la entidad fabril un convenio de [&hellip;]\" \/>\n<meta property=\"og:url\" content=\"https:\/\/pilt.com.ar\/parque-industrial\/firma-de-convenio-con-la-universidad-nacional-de-villa-maria\/\" \/>\n<meta property=\"og:site_name\" content=\"PILT.com.ar\" \/>\n<meta property=\"article:published_time\" content=\"2021-06-25T18:19:32+00:00\" \/>\n<meta property=\"article:modified_time\" content=\"2021-06-25T18:19:35+00:00\" \/>\n<meta property=\"og:image\" content=\"https:\/\/i0.wp.com\/pilt.com.ar\/parque-industrial\/wp-content\/uploads\/2021\/06\/WhatsApp-Image-2021-06-24-at-19.46.08.jpeg?fit=1280%2C853&ssl=1\" \/>\n\t<meta property=\"og:image:width\" content=\"1280\" \/>\n\t<meta property=\"og:image:height\" content=\"853\" \/>\n\t<meta property=\"og:image:type\" content=\"image\/jpeg\" \/>\n<meta name=\"author\" content=\"PILT\" \/>\n<meta name=\"twitter:card\" content=\"summary_large_image\" \/>\n<meta name=\"twitter:label1\" content=\"Escrito por\" \/>\n\t<meta name=\"twitter:data1\" content=\"PILT\" \/>\n\t<meta name=\"twitter:label2\" content=\"Tiempo de lectura\" \/>\n\t<meta name=\"twitter:data2\" content=\"2 minutos\" \/>\n<script type=\"application\/ld+json\" class=\"yoast-schema-graph\">{\"@context\":\"https:\\\/\\\/schema.org\",\"@graph\":[{\"@type\":\"Article\",\"@id\":\"https:\\\/\\\/pilt.com.ar\\\/parque-industrial\\\/firma-de-convenio-con-la-universidad-nacional-de-villa-maria\\\/#article\",\"isPartOf\":{\"@id\":\"https:\\\/\\\/pilt.com.ar\\\/parque-industrial\\\/firma-de-convenio-con-la-universidad-nacional-de-villa-maria\\\/\"},\"author\":{\"name\":\"PILT\",\"@id\":\"https:\\\/\\\/pilt.com.ar\\\/parque-industrial\\\/#\\\/schema\\\/person\\\/2dfb9e2464de1c3deef20c25c30a8306\"},\"headline\":\"FIRMA DE CONVENIO CON LA UNIVERSIDAD NACIONAL DE VILLA MAR\u00cdA\",\"datePublished\":\"2021-06-25T18:19:32+00:00\",\"dateModified\":\"2021-06-25T18:19:35+00:00\",\"mainEntityOfPage\":{\"@id\":\"https:\\\/\\\/pilt.com.ar\\\/parque-industrial\\\/firma-de-convenio-con-la-universidad-nacional-de-villa-maria\\\/\"},\"wordCount\":416,\"commentCount\":0,\"image\":{\"@id\":\"https:\\\/\\\/pilt.com.ar\\\/parque-industrial\\\/firma-de-convenio-con-la-universidad-nacional-de-villa-maria\\\/#primaryimage\"},\"thumbnailUrl\":\"https:\\\/\\\/i0.wp.com\\\/pilt.com.ar\\\/parque-industrial\\\/wp-content\\\/uploads\\\/2021\\\/06\\\/WhatsApp-Image-2021-06-24-at-19.46.08.jpeg?fit=1280%2C853&ssl=1\",\"articleSection\":[\"Noticias\"],\"inLanguage\":\"es\",\"potentialAction\":[{\"@type\":\"CommentAction\",\"name\":\"Comment\",\"target\":[\"https:\\\/\\\/pilt.com.ar\\\/parque-industrial\\\/firma-de-convenio-con-la-universidad-nacional-de-villa-maria\\\/#respond\"]}]},{\"@type\":\"WebPage\",\"@id\":\"https:\\\/\\\/pilt.com.ar\\\/parque-industrial\\\/firma-de-convenio-con-la-universidad-nacional-de-villa-maria\\\/\",\"url\":\"https:\\\/\\\/pilt.com.ar\\\/parque-industrial\\\/firma-de-convenio-con-la-universidad-nacional-de-villa-maria\\\/\",\"name\":\"FIRMA DE CONVENIO CON LA UNIVERSIDAD NACIONAL DE VILLA MAR\u00cdA - PILT.com.ar\",\"isPartOf\":{\"@id\":\"https:\\\/\\\/pilt.com.ar\\\/parque-industrial\\\/#website\"},\"primaryImageOfPage\":{\"@id\":\"https:\\\/\\\/pilt.com.ar\\\/parque-industrial\\\/firma-de-convenio-con-la-universidad-nacional-de-villa-maria\\\/#primaryimage\"},\"image\":{\"@id\":\"https:\\\/\\\/pilt.com.ar\\\/parque-industrial\\\/firma-de-convenio-con-la-universidad-nacional-de-villa-maria\\\/#primaryimage\"},\"thumbnailUrl\":\"https:\\\/\\\/i0.wp.com\\\/pilt.com.ar\\\/parque-industrial\\\/wp-content\\\/uploads\\\/2021\\\/06\\\/WhatsApp-Image-2021-06-24-at-19.46.08.jpeg?fit=1280%2C853&ssl=1\",\"datePublished\":\"2021-06-25T18:19:32+00:00\",\"dateModified\":\"2021-06-25T18:19:35+00:00\",\"author\":{\"@id\":\"https:\\\/\\\/pilt.com.ar\\\/parque-industrial\\\/#\\\/schema\\\/person\\\/2dfb9e2464de1c3deef20c25c30a8306\"},\"inLanguage\":\"es\",\"potentialAction\":[{\"@type\":\"ReadAction\",\"target\":[\"https:\\\/\\\/pilt.com.ar\\\/parque-industrial\\\/firma-de-convenio-con-la-universidad-nacional-de-villa-maria\\\/\"]}]},{\"@type\":\"ImageObject\",\"inLanguage\":\"es\",\"@id\":\"https:\\\/\\\/pilt.com.ar\\\/parque-industrial\\\/firma-de-convenio-con-la-universidad-nacional-de-villa-maria\\\/#primaryimage\",\"url\":\"https:\\\/\\\/i0.wp.com\\\/pilt.com.ar\\\/parque-industrial\\\/wp-content\\\/uploads\\\/2021\\\/06\\\/WhatsApp-Image-2021-06-24-at-19.46.08.jpeg?fit=1280%2C853&ssl=1\",\"contentUrl\":\"https:\\\/\\\/i0.wp.com\\\/pilt.com.ar\\\/parque-industrial\\\/wp-content\\\/uploads\\\/2021\\\/06\\\/WhatsApp-Image-2021-06-24-at-19.46.08.jpeg?fit=1280%2C853&ssl=1\",\"width\":1280,\"height\":853},{\"@type\":\"WebSite\",\"@id\":\"https:\\\/\\\/pilt.com.ar\\\/parque-industrial\\\/#website\",\"url\":\"https:\\\/\\\/pilt.com.ar\\\/parque-industrial\\\/\",\"name\":\"PILT.com.ar\",\"description\":\"Parque Industrial, Log\u00edstico y Tecnol\u00f3gico Villa Mar\u00eda\",\"potentialAction\":[{\"@type\":\"SearchAction\",\"target\":{\"@type\":\"EntryPoint\",\"urlTemplate\":\"https:\\\/\\\/pilt.com.ar\\\/parque-industrial\\\/?s={search_term_string}\"},\"query-input\":{\"@type\":\"PropertyValueSpecification\",\"valueRequired\":true,\"valueName\":\"search_term_string\"}}],\"inLanguage\":\"es\"},{\"@type\":\"Person\",\"@id\":\"https:\\\/\\\/pilt.com.ar\\\/parque-industrial\\\/#\\\/schema\\\/person\\\/2dfb9e2464de1c3deef20c25c30a8306\",\"name\":\"PILT\",\"image\":{\"@type\":\"ImageObject\",\"inLanguage\":\"es\",\"@id\":\"https:\\\/\\\/secure.gravatar.com\\\/avatar\\\/5e3734c8d8c8e0b0d45f923c14a14d7b90521d573d02f0d91360a777095ee42b?s=96&d=mm&r=g\",\"url\":\"https:\\\/\\\/secure.gravatar.com\\\/avatar\\\/5e3734c8d8c8e0b0d45f923c14a14d7b90521d573d02f0d91360a777095ee42b?s=96&d=mm&r=g\",\"contentUrl\":\"https:\\\/\\\/secure.gravatar.com\\\/avatar\\\/5e3734c8d8c8e0b0d45f923c14a14d7b90521d573d02f0d91360a777095ee42b?s=96&d=mm&r=g\",\"caption\":\"PILT\"},\"url\":\"https:\\\/\\\/pilt.com.ar\\\/parque-industrial\\\/author\\\/pilt\\\/\"}]}<\/script>\n<!-- \/ Yoast SEO plugin. -->","yoast_head_json":{"title":"FIRMA DE CONVENIO CON LA UNIVERSIDAD NACIONAL DE VILLA MAR\u00cdA - PILT.com.ar","robots":{"index":"index","follow":"follow","max-snippet":"max-snippet:-1","max-image-preview":"max-image-preview:large","max-video-preview":"max-video-preview:-1"},"canonical":"https:\/\/pilt.com.ar\/parque-industrial\/firma-de-convenio-con-la-universidad-nacional-de-villa-maria\/","og_locale":"es_ES","og_type":"article","og_title":"FIRMA DE CONVENIO CON LA UNIVERSIDAD NACIONAL DE VILLA MAR\u00cdA - PILT.com.ar","og_description":"Se trata de un acuerdo de cooperaci\u00f3n y complementaci\u00f3n. Prev\u00e9 desde la realizaci\u00f3n de cursos hasta actividades conjuntas de investigaci\u00f3n. Carlos Pizzorno, presidente del Parque Industrial, Log\u00edstico y Tecnol\u00f3gico Villa Mar\u00eda (PILT), y Luis Negretti, rector de la Universidad Nacional de Villa Mar\u00eda (UNVM), rubricaron en la sede de la entidad fabril un convenio de [&hellip;]","og_url":"https:\/\/pilt.com.ar\/parque-industrial\/firma-de-convenio-con-la-universidad-nacional-de-villa-maria\/","og_site_name":"PILT.com.ar","article_published_time":"2021-06-25T18:19:32+00:00","article_modified_time":"2021-06-25T18:19:35+00:00","og_image":[{"width":1280,"height":853,"url":"https:\/\/i0.wp.com\/pilt.com.ar\/parque-industrial\/wp-content\/uploads\/2021\/06\/WhatsApp-Image-2021-06-24-at-19.46.08.jpeg?fit=1280%2C853&ssl=1","type":"image\/jpeg"}],"author":"PILT","twitter_card":"summary_large_image","twitter_misc":{"Escrito por":"PILT","Tiempo de lectura":"2 minutos"},"schema":{"@context":"https:\/\/schema.org","@graph":[{"@type":"Article","@id":"https:\/\/pilt.com.ar\/parque-industrial\/firma-de-convenio-con-la-universidad-nacional-de-villa-maria\/#article","isPartOf":{"@id":"https:\/\/pilt.com.ar\/parque-industrial\/firma-de-convenio-con-la-universidad-nacional-de-villa-maria\/"},"author":{"name":"PILT","@id":"https:\/\/pilt.com.ar\/parque-industrial\/#\/schema\/person\/2dfb9e2464de1c3deef20c25c30a8306"},"headline":"FIRMA DE CONVENIO CON LA UNIVERSIDAD NACIONAL DE VILLA MAR\u00cdA","datePublished":"2021-06-25T18:19:32+00:00","dateModified":"2021-06-25T18:19:35+00:00","mainEntityOfPage":{"@id":"https:\/\/pilt.com.ar\/parque-industrial\/firma-de-convenio-con-la-universidad-nacional-de-villa-maria\/"},"wordCount":416,"commentCount":0,"image":{"@id":"https:\/\/pilt.com.ar\/parque-industrial\/firma-de-convenio-con-la-universidad-nacional-de-villa-maria\/#primaryimage"},"thumbnailUrl":"https:\/\/i0.wp.com\/pilt.com.ar\/parque-industrial\/wp-content\/uploads\/2021\/06\/WhatsApp-Image-2021-06-24-at-19.46.08.jpeg?fit=1280%2C853&ssl=1","articleSection":["Noticias"],"inLanguage":"es","potentialAction":[{"@type":"CommentAction","name":"Comment","target":["https:\/\/pilt.com.ar\/parque-industrial\/firma-de-convenio-con-la-universidad-nacional-de-villa-maria\/#respond"]}]},{"@type":"WebPage","@id":"https:\/\/pilt.com.ar\/parque-industrial\/firma-de-convenio-con-la-universidad-nacional-de-villa-maria\/","url":"https:\/\/pilt.com.ar\/parque-industrial\/firma-de-convenio-con-la-universidad-nacional-de-villa-maria\/","name":"FIRMA DE CONVENIO CON LA UNIVERSIDAD NACIONAL DE VILLA MAR\u00cdA - PILT.com.ar","isPartOf":{"@id":"https:\/\/pilt.com.ar\/parque-industrial\/#website"},"primaryImageOfPage":{"@id":"https:\/\/pilt.com.ar\/parque-industrial\/firma-de-convenio-con-la-universidad-nacional-de-villa-maria\/#primaryimage"},"image":{"@id":"https:\/\/pilt.com.ar\/parque-industrial\/firma-de-convenio-con-la-universidad-nacional-de-villa-maria\/#primaryimage"},"thumbnailUrl":"https:\/\/i0.wp.com\/pilt.com.ar\/parque-industrial\/wp-content\/uploads\/2021\/06\/WhatsApp-Image-2021-06-24-at-19.46.08.jpeg?fit=1280%2C853&ssl=1","datePublished":"2021-06-25T18:19:32+00:00","dateModified":"2021-06-25T18:19:35+00:00","author":{"@id":"https:\/\/pilt.com.ar\/parque-industrial\/#\/schema\/person\/2dfb9e2464de1c3deef20c25c30a8306"},"inLanguage":"es","potentialAction":[{"@type":"ReadAction","target":["https:\/\/pilt.com.ar\/parque-industrial\/firma-de-convenio-con-la-universidad-nacional-de-villa-maria\/"]}]},{"@type":"ImageObject","inLanguage":"es","@id":"https:\/\/pilt.com.ar\/parque-industrial\/firma-de-convenio-con-la-universidad-nacional-de-villa-maria\/#primaryimage","url":"https:\/\/i0.wp.com\/pilt.com.ar\/parque-industrial\/wp-content\/uploads\/2021\/06\/WhatsApp-Image-2021-06-24-at-19.46.08.jpeg?fit=1280%2C853&ssl=1","contentUrl":"https:\/\/i0.wp.com\/pilt.com.ar\/parque-industrial\/wp-content\/uploads\/2021\/06\/WhatsApp-Image-2021-06-24-at-19.46.08.jpeg?fit=1280%2C853&ssl=1","width":1280,"height":853},{"@type":"WebSite","@id":"https:\/\/pilt.com.ar\/parque-industrial\/#website","url":"https:\/\/pilt.com.ar\/parque-industrial\/","name":"PILT.com.ar","description":"Parque Industrial, Log\u00edstico y Tecnol\u00f3gico Villa Mar\u00eda","potentialAction":[{"@type":"SearchAction","target":{"@type":"EntryPoint","urlTemplate":"https:\/\/pilt.com.ar\/parque-industrial\/?s={search_term_string}"},"query-input":{"@type":"PropertyValueSpecification","valueRequired":true,"valueName":"search_term_string"}}],"inLanguage":"es"},{"@type":"Person","@id":"https:\/\/pilt.com.ar\/parque-industrial\/#\/schema\/person\/2dfb9e2464de1c3deef20c25c30a8306","name":"PILT","image":{"@type":"ImageObject","inLanguage":"es","@id":"https:\/\/secure.gravatar.com\/avatar\/5e3734c8d8c8e0b0d45f923c14a14d7b90521d573d02f0d91360a777095ee42b?s=96&d=mm&r=g","url":"https:\/\/secure.gravatar.com\/avatar\/5e3734c8d8c8e0b0d45f923c14a14d7b90521d573d02f0d91360a777095ee42b?s=96&d=mm&r=g","contentUrl":"https:\/\/secure.gravatar.com\/avatar\/5e3734c8d8c8e0b0d45f923c14a14d7b90521d573d02f0d91360a777095ee42b?s=96&d=mm&r=g","caption":"PILT"},"url":"https:\/\/pilt.com.ar\/parque-industrial\/author\/pilt\/"}]}},"jetpack_featured_media_url":"https:\/\/i0.wp.com\/pilt.com.ar\/parque-industrial\/wp-content\/uploads\/2021\/06\/WhatsApp-Image-2021-06-24-at-19.46.08.jpeg?fit=1280%2C853&ssl=1","jetpack_sharing_enabled":true,"_links":{"self":[{"href":"https:\/\/pilt.com.ar\/parque-industrial\/wp-json\/wp\/v2\/posts\/1894","targetHints":{"allow":["GET"]}}],"collection":[{"href":"https:\/\/pilt.com.ar\/parque-industrial\/wp-json\/wp\/v2\/posts"}],"about":[{"href":"https:\/\/pilt.com.ar\/parque-industrial\/wp-json\/wp\/v2\/types\/post"}],"author":[{"embeddable":true,"href":"https:\/\/pilt.com.ar\/parque-industrial\/wp-json\/wp\/v2\/users\/3"}],"replies":[{"embeddable":true,"href":"https:\/\/pilt.com.ar\/parque-industrial\/wp-json\/wp\/v2\/comments?post=1894"}],"version-history":[{"count":1,"href":"https:\/\/pilt.com.ar\/parque-industrial\/wp-json\/wp\/v2\/posts\/1894\/revisions"}],"predecessor-version":[{"id":1896,"href":"https:\/\/pilt.com.ar\/parque-industrial\/wp-json\/wp\/v2\/posts\/1894\/revisions\/1896"}],"wp:featuredmedia":[{"embeddable":true,"href":"https:\/\/pilt.com.ar\/parque-industrial\/wp-json\/wp\/v2\/media\/1895"}],"wp:attachment":[{"href":"https:\/\/pilt.com.ar\/parque-industrial\/wp-json\/wp\/v2\/media?parent=1894"}],"wp:term":[{"taxonomy":"category","embeddable":true,"href":"https:\/\/pilt.com.ar\/parque-industrial\/wp-json\/wp\/v2\/categories?post=1894"},{"taxonomy":"post_tag","embeddable":true,"href":"https:\/\/pilt.com.ar\/parque-industrial\/wp-json\/wp\/v2\/tags?post=1894"}],"curies":[{"name":"wp","href":"https:\/\/api.w.org\/{rel}","templated":true}]}}