{"id":1890,"date":"2021-06-18T15:09:57","date_gmt":"2021-06-18T18:09:57","guid":{"rendered":"https:\/\/pilt.com.ar\/parque-industrial\/?p=1890"},"modified":"2021-06-18T15:09:58","modified_gmt":"2021-06-18T18:09:58","slug":"el-pilt-participo-del-encuentro-para-el-fortalecimiento-del-ecosistema-emprendedor","status":"publish","type":"post","link":"https:\/\/pilt.com.ar\/parque-industrial\/el-pilt-participo-del-encuentro-para-el-fortalecimiento-del-ecosistema-emprendedor\/","title":{"rendered":"EL PILT PARTICIP\u00d3 DEL ENCUENTRO PARA EL FORTALECIMIENTO DEL ECOSISTEMA EMPRENDEDOR"},"content":{"rendered":"\n<p class=\"has-text-align-center\"><strong>Organizado por la Subsecretar\u00eda de Emprendedores de la Naci\u00f3n d\u00edas pasados se concret\u00f3 el 1\u00b0 Encuentro de Redes para Emprender, bajo la consigna \u201cDesaf\u00edos y aprendizajes para la dinamizaci\u00f3n de ecosistemas emprendedores en Argentina\u201d.<\/strong><\/p>\n\n\n\n<p class=\"has-text-align-justify\">El objetivo de la reuni\u00f3n, que nucle\u00f3 a representantes de distintos lugares del pa\u00eds, fue intercambiar experiencias sobre el dise\u00f1o y la implementaci\u00f3n del plan de dinamizaci\u00f3n de los ecosistemas emprendedores y fortalecer los conceptos relacionados a las actividades que se pueden financiar a trav\u00e9s del programa nacional Redes para Emprender.<\/p>\n\n\n\n<p class=\"has-text-align-justify\">Cabe se\u00f1alar que el citado programa prev\u00e9 un fondeo con aportes no reembolsables (ANR) para desarrollar el entramado productivo emprendedor en el territorio, a partir de servicios de incubaci\u00f3n, aceleraci\u00f3n, expansi\u00f3n, asistencia t\u00e9cnica y mentoreo, entre otras opciones, a emprendimientos o emprendedores.<\/p>\n\n\n\n<p class=\"has-text-align-justify\">Bajo ese marco, miembros de la Red para Emprender Villa Mar\u00eda y Villa Nueva participaron del encuentro, en donde se analizaron diferentes ejes, tales como la colaboraci\u00f3n entre instituciones para conformar una red m\u00e1s amplia; apertura de mesas de trabajo entre las partes que conforman la red; amplificar la difusi\u00f3n de la cultura emprendedora; avanzar en la inclusi\u00f3n con perspectiva de g\u00e9nero; motivaci\u00f3n e identidad de las redes y focalizaci\u00f3n en territorio para visualizar el camino del ecosistema emprendedor. En representaci\u00f3n del Parque Industrial, Log\u00edstico y Tecnol\u00f3gico Villa Mar\u00eda (PILT) estuvo \u00c1ngela S\u00e1ez, responsable de Vinculaci\u00f3n de la entidad.<\/p>\n\n\n\n<p class=\"has-text-align-justify\">Vale decir que la Red est\u00e1 integrada, adem\u00e1s del PILT, por un amplio abanico de instituciones p\u00fablicas y privadas del \u00e1mbito productivo, educativo, cultural y gubernamental. Ellas son: Municipalidad de Villa Mar\u00eda y Villa Nueva; Asociaci\u00f3n de Empresarios Regi\u00f3n Centro Argentino (AERCA); Centro Comercial, Industrial, Producci\u00f3n y Servicios de Villa Nueva (CeCips); UNVM; UTN, Facultad Regional Villa Mar\u00eda; Cl\u00faster de Impulso Tecnol\u00f3gico; Escuela Superior Integral de Lecher\u00eda (Esil \u2013&nbsp; Funesil); Instituto Superior Leibniz; Ente Regional de Desarrollo (EnRed); Asociaci\u00f3n de Productores Audiovisuales de C\u00f3rdoba \u2013 APAC\/ Mesa de Territorios Creativos: UNVM \u2013MVM \u2013 AERCA \u2013 EnRed.<\/p>\n","protected":false},"excerpt":{"rendered":"<p>Organizado por la Subsecretar\u00eda de Emprendedores de la Naci\u00f3n d\u00edas pasados se concret\u00f3 el 1\u00b0 Encuentro de Redes para Emprender, bajo la consigna \u201cDesaf\u00edos y aprendizajes para la dinamizaci\u00f3n de ecosistemas emprendedores en Argentina\u201d. El objetivo de la reuni\u00f3n, que nucle\u00f3 a representantes de distintos lugares del pa\u00eds, fue intercambiar experiencias sobre el dise\u00f1o y [&hellip;]<\/p>\n","protected":false},"author":3,"featured_media":1891,"comment_status":"open","ping_status":"open","sticky":false,"template":"","format":"standard","meta":{"_jetpack_memberships_contains_paid_content":false,"footnotes":""},"categories":[2],"tags":[],"class_list":["post-1890","post","type-post","status-publish","format-standard","has-post-thumbnail","hentry","category-noticias"],"yoast_head":"<!-- This site is optimized with the Yoast SEO plugin v27.5 - https:\/\/yoast.com\/product\/yoast-seo-wordpress\/ -->\n<title>EL PILT PARTICIP\u00d3 DEL ENCUENTRO PARA EL FORTALECIMIENTO DEL ECOSISTEMA EMPRENDEDOR - PILT.com.ar<\/title>\n<meta name=\"robots\" content=\"index, follow, max-snippet:-1, max-image-preview:large, max-video-preview:-1\" \/>\n<link rel=\"canonical\" href=\"https:\/\/pilt.com.ar\/parque-industrial\/el-pilt-participo-del-encuentro-para-el-fortalecimiento-del-ecosistema-emprendedor\/\" \/>\n<meta property=\"og:locale\" content=\"es_ES\" \/>\n<meta property=\"og:type\" content=\"article\" \/>\n<meta property=\"og:title\" content=\"EL PILT PARTICIP\u00d3 DEL ENCUENTRO PARA EL FORTALECIMIENTO DEL ECOSISTEMA EMPRENDEDOR - PILT.com.ar\" \/>\n<meta property=\"og:description\" content=\"Organizado por la Subsecretar\u00eda de Emprendedores de la Naci\u00f3n d\u00edas pasados se concret\u00f3 el 1\u00b0 Encuentro de Redes para Emprender, bajo la consigna \u201cDesaf\u00edos y aprendizajes para la dinamizaci\u00f3n de ecosistemas emprendedores en Argentina\u201d. El objetivo de la reuni\u00f3n, que nucle\u00f3 a representantes de distintos lugares del pa\u00eds, fue intercambiar experiencias sobre el dise\u00f1o y [&hellip;]\" \/>\n<meta property=\"og:url\" content=\"https:\/\/pilt.com.ar\/parque-industrial\/el-pilt-participo-del-encuentro-para-el-fortalecimiento-del-ecosistema-emprendedor\/\" \/>\n<meta property=\"og:site_name\" content=\"PILT.com.ar\" \/>\n<meta property=\"article:published_time\" content=\"2021-06-18T18:09:57+00:00\" \/>\n<meta property=\"article:modified_time\" content=\"2021-06-18T18:09:58+00:00\" \/>\n<meta property=\"og:image\" content=\"https:\/\/i0.wp.com\/pilt.com.ar\/parque-industrial\/wp-content\/uploads\/2021\/06\/WhatsApp-Image-2021-06-16-at-11.05.45.jpeg?fit=1280%2C719&ssl=1\" \/>\n\t<meta property=\"og:image:width\" content=\"1280\" \/>\n\t<meta property=\"og:image:height\" content=\"719\" \/>\n\t<meta property=\"og:image:type\" content=\"image\/jpeg\" \/>\n<meta name=\"author\" content=\"PILT\" \/>\n<meta name=\"twitter:card\" content=\"summary_large_image\" \/>\n<meta name=\"twitter:label1\" content=\"Escrito por\" \/>\n\t<meta name=\"twitter:data1\" content=\"PILT\" \/>\n\t<meta name=\"twitter:label2\" content=\"Tiempo de lectura\" \/>\n\t<meta name=\"twitter:data2\" content=\"2 minutos\" \/>\n<script type=\"application\/ld+json\" class=\"yoast-schema-graph\">{\"@context\":\"https:\\\/\\\/schema.org\",\"@graph\":[{\"@type\":\"Article\",\"@id\":\"https:\\\/\\\/pilt.com.ar\\\/parque-industrial\\\/el-pilt-participo-del-encuentro-para-el-fortalecimiento-del-ecosistema-emprendedor\\\/#article\",\"isPartOf\":{\"@id\":\"https:\\\/\\\/pilt.com.ar\\\/parque-industrial\\\/el-pilt-participo-del-encuentro-para-el-fortalecimiento-del-ecosistema-emprendedor\\\/\"},\"author\":{\"name\":\"PILT\",\"@id\":\"https:\\\/\\\/pilt.com.ar\\\/parque-industrial\\\/#\\\/schema\\\/person\\\/2dfb9e2464de1c3deef20c25c30a8306\"},\"headline\":\"EL PILT PARTICIP\u00d3 DEL ENCUENTRO PARA EL FORTALECIMIENTO DEL ECOSISTEMA EMPRENDEDOR\",\"datePublished\":\"2021-06-18T18:09:57+00:00\",\"dateModified\":\"2021-06-18T18:09:58+00:00\",\"mainEntityOfPage\":{\"@id\":\"https:\\\/\\\/pilt.com.ar\\\/parque-industrial\\\/el-pilt-participo-del-encuentro-para-el-fortalecimiento-del-ecosistema-emprendedor\\\/\"},\"wordCount\":371,\"commentCount\":0,\"image\":{\"@id\":\"https:\\\/\\\/pilt.com.ar\\\/parque-industrial\\\/el-pilt-participo-del-encuentro-para-el-fortalecimiento-del-ecosistema-emprendedor\\\/#primaryimage\"},\"thumbnailUrl\":\"https:\\\/\\\/i0.wp.com\\\/pilt.com.ar\\\/parque-industrial\\\/wp-content\\\/uploads\\\/2021\\\/06\\\/WhatsApp-Image-2021-06-16-at-11.05.45.jpeg?fit=1280%2C719&ssl=1\",\"articleSection\":[\"Noticias\"],\"inLanguage\":\"es\",\"potentialAction\":[{\"@type\":\"CommentAction\",\"name\":\"Comment\",\"target\":[\"https:\\\/\\\/pilt.com.ar\\\/parque-industrial\\\/el-pilt-participo-del-encuentro-para-el-fortalecimiento-del-ecosistema-emprendedor\\\/#respond\"]}]},{\"@type\":\"WebPage\",\"@id\":\"https:\\\/\\\/pilt.com.ar\\\/parque-industrial\\\/el-pilt-participo-del-encuentro-para-el-fortalecimiento-del-ecosistema-emprendedor\\\/\",\"url\":\"https:\\\/\\\/pilt.com.ar\\\/parque-industrial\\\/el-pilt-participo-del-encuentro-para-el-fortalecimiento-del-ecosistema-emprendedor\\\/\",\"name\":\"EL PILT PARTICIP\u00d3 DEL ENCUENTRO PARA EL FORTALECIMIENTO DEL ECOSISTEMA EMPRENDEDOR - PILT.com.ar\",\"isPartOf\":{\"@id\":\"https:\\\/\\\/pilt.com.ar\\\/parque-industrial\\\/#website\"},\"primaryImageOfPage\":{\"@id\":\"https:\\\/\\\/pilt.com.ar\\\/parque-industrial\\\/el-pilt-participo-del-encuentro-para-el-fortalecimiento-del-ecosistema-emprendedor\\\/#primaryimage\"},\"image\":{\"@id\":\"https:\\\/\\\/pilt.com.ar\\\/parque-industrial\\\/el-pilt-participo-del-encuentro-para-el-fortalecimiento-del-ecosistema-emprendedor\\\/#primaryimage\"},\"thumbnailUrl\":\"https:\\\/\\\/i0.wp.com\\\/pilt.com.ar\\\/parque-industrial\\\/wp-content\\\/uploads\\\/2021\\\/06\\\/WhatsApp-Image-2021-06-16-at-11.05.45.jpeg?fit=1280%2C719&ssl=1\",\"datePublished\":\"2021-06-18T18:09:57+00:00\",\"dateModified\":\"2021-06-18T18:09:58+00:00\",\"author\":{\"@id\":\"https:\\\/\\\/pilt.com.ar\\\/parque-industrial\\\/#\\\/schema\\\/person\\\/2dfb9e2464de1c3deef20c25c30a8306\"},\"inLanguage\":\"es\",\"potentialAction\":[{\"@type\":\"ReadAction\",\"target\":[\"https:\\\/\\\/pilt.com.ar\\\/parque-industrial\\\/el-pilt-participo-del-encuentro-para-el-fortalecimiento-del-ecosistema-emprendedor\\\/\"]}]},{\"@type\":\"ImageObject\",\"inLanguage\":\"es\",\"@id\":\"https:\\\/\\\/pilt.com.ar\\\/parque-industrial\\\/el-pilt-participo-del-encuentro-para-el-fortalecimiento-del-ecosistema-emprendedor\\\/#primaryimage\",\"url\":\"https:\\\/\\\/i0.wp.com\\\/pilt.com.ar\\\/parque-industrial\\\/wp-content\\\/uploads\\\/2021\\\/06\\\/WhatsApp-Image-2021-06-16-at-11.05.45.jpeg?fit=1280%2C719&ssl=1\",\"contentUrl\":\"https:\\\/\\\/i0.wp.com\\\/pilt.com.ar\\\/parque-industrial\\\/wp-content\\\/uploads\\\/2021\\\/06\\\/WhatsApp-Image-2021-06-16-at-11.05.45.jpeg?fit=1280%2C719&ssl=1\",\"width\":1280,\"height\":719},{\"@type\":\"WebSite\",\"@id\":\"https:\\\/\\\/pilt.com.ar\\\/parque-industrial\\\/#website\",\"url\":\"https:\\\/\\\/pilt.com.ar\\\/parque-industrial\\\/\",\"name\":\"PILT.com.ar\",\"description\":\"Parque Industrial, Log\u00edstico y Tecnol\u00f3gico Villa Mar\u00eda\",\"potentialAction\":[{\"@type\":\"SearchAction\",\"target\":{\"@type\":\"EntryPoint\",\"urlTemplate\":\"https:\\\/\\\/pilt.com.ar\\\/parque-industrial\\\/?s={search_term_string}\"},\"query-input\":{\"@type\":\"PropertyValueSpecification\",\"valueRequired\":true,\"valueName\":\"search_term_string\"}}],\"inLanguage\":\"es\"},{\"@type\":\"Person\",\"@id\":\"https:\\\/\\\/pilt.com.ar\\\/parque-industrial\\\/#\\\/schema\\\/person\\\/2dfb9e2464de1c3deef20c25c30a8306\",\"name\":\"PILT\",\"image\":{\"@type\":\"ImageObject\",\"inLanguage\":\"es\",\"@id\":\"https:\\\/\\\/secure.gravatar.com\\\/avatar\\\/5e3734c8d8c8e0b0d45f923c14a14d7b90521d573d02f0d91360a777095ee42b?s=96&d=mm&r=g\",\"url\":\"https:\\\/\\\/secure.gravatar.com\\\/avatar\\\/5e3734c8d8c8e0b0d45f923c14a14d7b90521d573d02f0d91360a777095ee42b?s=96&d=mm&r=g\",\"contentUrl\":\"https:\\\/\\\/secure.gravatar.com\\\/avatar\\\/5e3734c8d8c8e0b0d45f923c14a14d7b90521d573d02f0d91360a777095ee42b?s=96&d=mm&r=g\",\"caption\":\"PILT\"},\"url\":\"https:\\\/\\\/pilt.com.ar\\\/parque-industrial\\\/author\\\/pilt\\\/\"}]}<\/script>\n<!-- \/ Yoast SEO plugin. -->","yoast_head_json":{"title":"EL PILT PARTICIP\u00d3 DEL ENCUENTRO PARA EL FORTALECIMIENTO DEL ECOSISTEMA EMPRENDEDOR - PILT.com.ar","robots":{"index":"index","follow":"follow","max-snippet":"max-snippet:-1","max-image-preview":"max-image-preview:large","max-video-preview":"max-video-preview:-1"},"canonical":"https:\/\/pilt.com.ar\/parque-industrial\/el-pilt-participo-del-encuentro-para-el-fortalecimiento-del-ecosistema-emprendedor\/","og_locale":"es_ES","og_type":"article","og_title":"EL PILT PARTICIP\u00d3 DEL ENCUENTRO PARA EL FORTALECIMIENTO DEL ECOSISTEMA EMPRENDEDOR - PILT.com.ar","og_description":"Organizado por la Subsecretar\u00eda de Emprendedores de la Naci\u00f3n d\u00edas pasados se concret\u00f3 el 1\u00b0 Encuentro de Redes para Emprender, bajo la consigna \u201cDesaf\u00edos y aprendizajes para la dinamizaci\u00f3n de ecosistemas emprendedores en Argentina\u201d. El objetivo de la reuni\u00f3n, que nucle\u00f3 a representantes de distintos lugares del pa\u00eds, fue intercambiar experiencias sobre el dise\u00f1o y [&hellip;]","og_url":"https:\/\/pilt.com.ar\/parque-industrial\/el-pilt-participo-del-encuentro-para-el-fortalecimiento-del-ecosistema-emprendedor\/","og_site_name":"PILT.com.ar","article_published_time":"2021-06-18T18:09:57+00:00","article_modified_time":"2021-06-18T18:09:58+00:00","og_image":[{"width":1280,"height":719,"url":"https:\/\/i0.wp.com\/pilt.com.ar\/parque-industrial\/wp-content\/uploads\/2021\/06\/WhatsApp-Image-2021-06-16-at-11.05.45.jpeg?fit=1280%2C719&ssl=1","type":"image\/jpeg"}],"author":"PILT","twitter_card":"summary_large_image","twitter_misc":{"Escrito por":"PILT","Tiempo de lectura":"2 minutos"},"schema":{"@context":"https:\/\/schema.org","@graph":[{"@type":"Article","@id":"https:\/\/pilt.com.ar\/parque-industrial\/el-pilt-participo-del-encuentro-para-el-fortalecimiento-del-ecosistema-emprendedor\/#article","isPartOf":{"@id":"https:\/\/pilt.com.ar\/parque-industrial\/el-pilt-participo-del-encuentro-para-el-fortalecimiento-del-ecosistema-emprendedor\/"},"author":{"name":"PILT","@id":"https:\/\/pilt.com.ar\/parque-industrial\/#\/schema\/person\/2dfb9e2464de1c3deef20c25c30a8306"},"headline":"EL PILT PARTICIP\u00d3 DEL ENCUENTRO PARA EL FORTALECIMIENTO DEL ECOSISTEMA EMPRENDEDOR","datePublished":"2021-06-18T18:09:57+00:00","dateModified":"2021-06-18T18:09:58+00:00","mainEntityOfPage":{"@id":"https:\/\/pilt.com.ar\/parque-industrial\/el-pilt-participo-del-encuentro-para-el-fortalecimiento-del-ecosistema-emprendedor\/"},"wordCount":371,"commentCount":0,"image":{"@id":"https:\/\/pilt.com.ar\/parque-industrial\/el-pilt-participo-del-encuentro-para-el-fortalecimiento-del-ecosistema-emprendedor\/#primaryimage"},"thumbnailUrl":"https:\/\/i0.wp.com\/pilt.com.ar\/parque-industrial\/wp-content\/uploads\/2021\/06\/WhatsApp-Image-2021-06-16-at-11.05.45.jpeg?fit=1280%2C719&ssl=1","articleSection":["Noticias"],"inLanguage":"es","potentialAction":[{"@type":"CommentAction","name":"Comment","target":["https:\/\/pilt.com.ar\/parque-industrial\/el-pilt-participo-del-encuentro-para-el-fortalecimiento-del-ecosistema-emprendedor\/#respond"]}]},{"@type":"WebPage","@id":"https:\/\/pilt.com.ar\/parque-industrial\/el-pilt-participo-del-encuentro-para-el-fortalecimiento-del-ecosistema-emprendedor\/","url":"https:\/\/pilt.com.ar\/parque-industrial\/el-pilt-participo-del-encuentro-para-el-fortalecimiento-del-ecosistema-emprendedor\/","name":"EL PILT PARTICIP\u00d3 DEL ENCUENTRO PARA EL FORTALECIMIENTO DEL ECOSISTEMA EMPRENDEDOR - PILT.com.ar","isPartOf":{"@id":"https:\/\/pilt.com.ar\/parque-industrial\/#website"},"primaryImageOfPage":{"@id":"https:\/\/pilt.com.ar\/parque-industrial\/el-pilt-participo-del-encuentro-para-el-fortalecimiento-del-ecosistema-emprendedor\/#primaryimage"},"image":{"@id":"https:\/\/pilt.com.ar\/parque-industrial\/el-pilt-participo-del-encuentro-para-el-fortalecimiento-del-ecosistema-emprendedor\/#primaryimage"},"thumbnailUrl":"https:\/\/i0.wp.com\/pilt.com.ar\/parque-industrial\/wp-content\/uploads\/2021\/06\/WhatsApp-Image-2021-06-16-at-11.05.45.jpeg?fit=1280%2C719&ssl=1","datePublished":"2021-06-18T18:09:57+00:00","dateModified":"2021-06-18T18:09:58+00:00","author":{"@id":"https:\/\/pilt.com.ar\/parque-industrial\/#\/schema\/person\/2dfb9e2464de1c3deef20c25c30a8306"},"inLanguage":"es","potentialAction":[{"@type":"ReadAction","target":["https:\/\/pilt.com.ar\/parque-industrial\/el-pilt-participo-del-encuentro-para-el-fortalecimiento-del-ecosistema-emprendedor\/"]}]},{"@type":"ImageObject","inLanguage":"es","@id":"https:\/\/pilt.com.ar\/parque-industrial\/el-pilt-participo-del-encuentro-para-el-fortalecimiento-del-ecosistema-emprendedor\/#primaryimage","url":"https:\/\/i0.wp.com\/pilt.com.ar\/parque-industrial\/wp-content\/uploads\/2021\/06\/WhatsApp-Image-2021-06-16-at-11.05.45.jpeg?fit=1280%2C719&ssl=1","contentUrl":"https:\/\/i0.wp.com\/pilt.com.ar\/parque-industrial\/wp-content\/uploads\/2021\/06\/WhatsApp-Image-2021-06-16-at-11.05.45.jpeg?fit=1280%2C719&ssl=1","width":1280,"height":719},{"@type":"WebSite","@id":"https:\/\/pilt.com.ar\/parque-industrial\/#website","url":"https:\/\/pilt.com.ar\/parque-industrial\/","name":"PILT.com.ar","description":"Parque Industrial, Log\u00edstico y Tecnol\u00f3gico Villa Mar\u00eda","potentialAction":[{"@type":"SearchAction","target":{"@type":"EntryPoint","urlTemplate":"https:\/\/pilt.com.ar\/parque-industrial\/?s={search_term_string}"},"query-input":{"@type":"PropertyValueSpecification","valueRequired":true,"valueName":"search_term_string"}}],"inLanguage":"es"},{"@type":"Person","@id":"https:\/\/pilt.com.ar\/parque-industrial\/#\/schema\/person\/2dfb9e2464de1c3deef20c25c30a8306","name":"PILT","image":{"@type":"ImageObject","inLanguage":"es","@id":"https:\/\/secure.gravatar.com\/avatar\/5e3734c8d8c8e0b0d45f923c14a14d7b90521d573d02f0d91360a777095ee42b?s=96&d=mm&r=g","url":"https:\/\/secure.gravatar.com\/avatar\/5e3734c8d8c8e0b0d45f923c14a14d7b90521d573d02f0d91360a777095ee42b?s=96&d=mm&r=g","contentUrl":"https:\/\/secure.gravatar.com\/avatar\/5e3734c8d8c8e0b0d45f923c14a14d7b90521d573d02f0d91360a777095ee42b?s=96&d=mm&r=g","caption":"PILT"},"url":"https:\/\/pilt.com.ar\/parque-industrial\/author\/pilt\/"}]}},"jetpack_featured_media_url":"https:\/\/i0.wp.com\/pilt.com.ar\/parque-industrial\/wp-content\/uploads\/2021\/06\/WhatsApp-Image-2021-06-16-at-11.05.45.jpeg?fit=1280%2C719&ssl=1","jetpack_sharing_enabled":true,"_links":{"self":[{"href":"https:\/\/pilt.com.ar\/parque-industrial\/wp-json\/wp\/v2\/posts\/1890","targetHints":{"allow":["GET"]}}],"collection":[{"href":"https:\/\/pilt.com.ar\/parque-industrial\/wp-json\/wp\/v2\/posts"}],"about":[{"href":"https:\/\/pilt.com.ar\/parque-industrial\/wp-json\/wp\/v2\/types\/post"}],"author":[{"embeddable":true,"href":"https:\/\/pilt.com.ar\/parque-industrial\/wp-json\/wp\/v2\/users\/3"}],"replies":[{"embeddable":true,"href":"https:\/\/pilt.com.ar\/parque-industrial\/wp-json\/wp\/v2\/comments?post=1890"}],"version-history":[{"count":1,"href":"https:\/\/pilt.com.ar\/parque-industrial\/wp-json\/wp\/v2\/posts\/1890\/revisions"}],"predecessor-version":[{"id":1892,"href":"https:\/\/pilt.com.ar\/parque-industrial\/wp-json\/wp\/v2\/posts\/1890\/revisions\/1892"}],"wp:featuredmedia":[{"embeddable":true,"href":"https:\/\/pilt.com.ar\/parque-industrial\/wp-json\/wp\/v2\/media\/1891"}],"wp:attachment":[{"href":"https:\/\/pilt.com.ar\/parque-industrial\/wp-json\/wp\/v2\/media?parent=1890"}],"wp:term":[{"taxonomy":"category","embeddable":true,"href":"https:\/\/pilt.com.ar\/parque-industrial\/wp-json\/wp\/v2\/categories?post=1890"},{"taxonomy":"post_tag","embeddable":true,"href":"https:\/\/pilt.com.ar\/parque-industrial\/wp-json\/wp\/v2\/tags?post=1890"}],"curies":[{"name":"wp","href":"https:\/\/api.w.org\/{rel}","templated":true}]}}