{"id":1857,"date":"2021-05-07T09:12:03","date_gmt":"2021-05-07T12:12:03","guid":{"rendered":"https:\/\/pilt.com.ar\/parque-industrial\/?p=1857"},"modified":"2021-05-07T09:12:31","modified_gmt":"2021-05-07T12:12:31","slug":"seis-proyectos-se-presentaron-para-ocupar-la-nave-para-emprendedores","status":"publish","type":"post","link":"https:\/\/pilt.com.ar\/parque-industrial\/seis-proyectos-se-presentaron-para-ocupar-la-nave-para-emprendedores\/","title":{"rendered":"SEIS PROYECTOS SE PRESENTARON PARA OCUPAR LA NAVE PARA EMPRENDEDORES"},"content":{"rendered":"\n<p class=\"has-text-align-center\"><strong><em>La mayor\u00eda corresponde al rubro de la construcci\u00f3n. Tambi\u00e9n se propusieron desarrollos agroindustriales y de software.<\/em><\/strong><\/p>\n\n\n\n<p class=\"has-text-align-justify\">Innovadores proyectos fueron propuestos para formar parte del Programa Nave para Emprendedores del Parque Industrial, Log\u00edstico y Tecnol\u00f3gico Villa Mar\u00eda (PILT), que brinda un espacio f\u00edsico con todas las comodidades para llevar adelante actividades productivas. Adem\u00e1s, las empresas que accedan tendr\u00e1n el acompa\u00f1amiento de gesti\u00f3n que brinda la Asociaci\u00f3n de Empresarios de la Regi\u00f3n Centro Argentina (AERCA).<\/p>\n\n\n\n<p class=\"has-text-align-justify\">Cabe se\u00f1alar que en la convocatoria que venci\u00f3 el pasado 30 de abril se pusieron a disposici\u00f3n cuatro unidades de la nave. Cada una de ellas posee 150 metros cuadrados, oficina, sanitarios independientes y port\u00f3n de ingreso para camiones. El programa prev\u00e9 un fuerte subsidio inicial en el costo del alquiler para apoyar el fortalecimiento de los emprendimientos, que va disminuyendo con el paso del tiempo.<\/p>\n\n\n\n<p class=\"has-text-align-justify\">En los pr\u00f3ximos d\u00edas el Comit\u00e9 de Evaluaci\u00f3n, conformado por representantes de distintas entidades locales y regionales, analizar\u00e1 cada una de las propuestas; las que cumplan con las bases y condiciones pasar\u00e1n a una segunda instancia, en la que miembros del Directorio del parque entrevistar\u00e1n a los emprendedores para definir su incorporaci\u00f3n. La intenci\u00f3n es que los proyectos elegidos puedan iniciar sus actividades en el PILT el pr\u00f3ximo mes.<\/p>\n\n\n\n<p><strong>Las propuestas<\/strong><\/p>\n\n\n\n<p class=\"has-text-align-justify\">Tres proyectos son del rubro de la construcci\u00f3n. Una propuesta se relaciona con la producci\u00f3n de vidrio laminado o vidrio de seguridad, que innova en el mercado nacional; el segundo emprendimiento se dedica a la fabricaci\u00f3n y venta de paneles SIP, para construcci\u00f3n en seco; mientras que el restante se enfoca en la fabricaci\u00f3n de muebles de cocina, para el hogar y oficina.<\/p>\n\n\n\n<p class=\"has-text-align-justify\">Asimismo, dos empresas est\u00e1n vinculadas a la agroindustria; una tiene que ver con la fabricaci\u00f3n de maquinaria para cosecha y post cosecha de frutos secos; y otra con la producci\u00f3n, venta y servicio t\u00e9cnico de equipos clasificadores de granos, semillas y frutos.<\/p>\n\n\n\n<p class=\"has-text-align-justify\">Por \u00faltimo, se postul\u00f3 tambi\u00e9n una empresa de software recientemente creada, que desarroll\u00f3 una aplicaci\u00f3n para la gesti\u00f3n de acceso para el sector hotelero.<\/p>\n\n\n\n<p><strong>Econom\u00eda<\/strong><\/p>\n\n\n\n<p class=\"has-text-align-justify\">Por otra parte, d\u00edas atr\u00e1s se llev\u00f3 a cabo en la Sala de Capacitaci\u00f3n del PILT un encuentro organizado en forma conjunta por la entidad y la empresa Dragma, que presta servicios financieros.<\/p>\n\n\n\n<p class=\"has-text-align-justify\">Carla Daniele y Mat\u00edas Fornasari, profesionales de la citada empresa, se refirieron al panorama econ\u00f3mico y financiero 2021, en donde adem\u00e1s de analizar el comportamiento actual y futuro de variables clave de la econom\u00eda nacional, como inflaci\u00f3n y tipo de cambio, mostraron alternativas para inversi\u00f3n y financiamiento. &nbsp;<\/p>\n","protected":false},"excerpt":{"rendered":"<p>La mayor\u00eda corresponde al rubro de la construcci\u00f3n. Tambi\u00e9n se propusieron desarrollos agroindustriales y de software. Innovadores proyectos fueron propuestos para formar parte del Programa Nave para Emprendedores del Parque Industrial, Log\u00edstico y Tecnol\u00f3gico Villa Mar\u00eda (PILT), que brinda un espacio f\u00edsico con todas las comodidades para llevar adelante actividades productivas. Adem\u00e1s, las empresas que [&hellip;]<\/p>\n","protected":false},"author":3,"featured_media":1858,"comment_status":"open","ping_status":"open","sticky":false,"template":"","format":"standard","meta":{"_jetpack_memberships_contains_paid_content":false,"footnotes":""},"categories":[2],"tags":[],"class_list":["post-1857","post","type-post","status-publish","format-standard","has-post-thumbnail","hentry","category-noticias"],"yoast_head":"<!-- This site is optimized with the Yoast SEO plugin v27.5 - https:\/\/yoast.com\/product\/yoast-seo-wordpress\/ -->\n<title>SEIS PROYECTOS SE PRESENTARON PARA OCUPAR LA NAVE PARA EMPRENDEDORES - PILT.com.ar<\/title>\n<meta name=\"robots\" content=\"index, follow, max-snippet:-1, max-image-preview:large, max-video-preview:-1\" \/>\n<link rel=\"canonical\" href=\"https:\/\/pilt.com.ar\/parque-industrial\/seis-proyectos-se-presentaron-para-ocupar-la-nave-para-emprendedores\/\" \/>\n<meta property=\"og:locale\" content=\"es_ES\" \/>\n<meta property=\"og:type\" content=\"article\" \/>\n<meta property=\"og:title\" content=\"SEIS PROYECTOS SE PRESENTARON PARA OCUPAR LA NAVE PARA EMPRENDEDORES - PILT.com.ar\" \/>\n<meta property=\"og:description\" content=\"La mayor\u00eda corresponde al rubro de la construcci\u00f3n. Tambi\u00e9n se propusieron desarrollos agroindustriales y de software. Innovadores proyectos fueron propuestos para formar parte del Programa Nave para Emprendedores del Parque Industrial, Log\u00edstico y Tecnol\u00f3gico Villa Mar\u00eda (PILT), que brinda un espacio f\u00edsico con todas las comodidades para llevar adelante actividades productivas. Adem\u00e1s, las empresas que [&hellip;]\" \/>\n<meta property=\"og:url\" content=\"https:\/\/pilt.com.ar\/parque-industrial\/seis-proyectos-se-presentaron-para-ocupar-la-nave-para-emprendedores\/\" \/>\n<meta property=\"og:site_name\" content=\"PILT.com.ar\" \/>\n<meta property=\"article:published_time\" content=\"2021-05-07T12:12:03+00:00\" \/>\n<meta property=\"article:modified_time\" content=\"2021-05-07T12:12:31+00:00\" \/>\n<meta property=\"og:image\" content=\"https:\/\/i0.wp.com\/pilt.com.ar\/parque-industrial\/wp-content\/uploads\/2021\/05\/WhatsApp-Image-2021-05-06-at-17.21.29.jpeg?fit=1280%2C1015&ssl=1\" \/>\n\t<meta property=\"og:image:width\" content=\"1280\" \/>\n\t<meta property=\"og:image:height\" content=\"1015\" \/>\n\t<meta property=\"og:image:type\" content=\"image\/jpeg\" \/>\n<meta name=\"author\" content=\"PILT\" \/>\n<meta name=\"twitter:card\" content=\"summary_large_image\" \/>\n<meta name=\"twitter:label1\" content=\"Escrito por\" \/>\n\t<meta name=\"twitter:data1\" content=\"PILT\" \/>\n\t<meta name=\"twitter:label2\" content=\"Tiempo de lectura\" \/>\n\t<meta name=\"twitter:data2\" content=\"2 minutos\" \/>\n<script type=\"application\/ld+json\" class=\"yoast-schema-graph\">{\"@context\":\"https:\\\/\\\/schema.org\",\"@graph\":[{\"@type\":\"Article\",\"@id\":\"https:\\\/\\\/pilt.com.ar\\\/parque-industrial\\\/seis-proyectos-se-presentaron-para-ocupar-la-nave-para-emprendedores\\\/#article\",\"isPartOf\":{\"@id\":\"https:\\\/\\\/pilt.com.ar\\\/parque-industrial\\\/seis-proyectos-se-presentaron-para-ocupar-la-nave-para-emprendedores\\\/\"},\"author\":{\"name\":\"PILT\",\"@id\":\"https:\\\/\\\/pilt.com.ar\\\/parque-industrial\\\/#\\\/schema\\\/person\\\/2dfb9e2464de1c3deef20c25c30a8306\"},\"headline\":\"SEIS PROYECTOS SE PRESENTARON PARA OCUPAR LA NAVE PARA EMPRENDEDORES\",\"datePublished\":\"2021-05-07T12:12:03+00:00\",\"dateModified\":\"2021-05-07T12:12:31+00:00\",\"mainEntityOfPage\":{\"@id\":\"https:\\\/\\\/pilt.com.ar\\\/parque-industrial\\\/seis-proyectos-se-presentaron-para-ocupar-la-nave-para-emprendedores\\\/\"},\"wordCount\":474,\"commentCount\":0,\"image\":{\"@id\":\"https:\\\/\\\/pilt.com.ar\\\/parque-industrial\\\/seis-proyectos-se-presentaron-para-ocupar-la-nave-para-emprendedores\\\/#primaryimage\"},\"thumbnailUrl\":\"https:\\\/\\\/i0.wp.com\\\/pilt.com.ar\\\/parque-industrial\\\/wp-content\\\/uploads\\\/2021\\\/05\\\/WhatsApp-Image-2021-05-06-at-17.21.29.jpeg?fit=1280%2C1015&ssl=1\",\"articleSection\":[\"Noticias\"],\"inLanguage\":\"es\",\"potentialAction\":[{\"@type\":\"CommentAction\",\"name\":\"Comment\",\"target\":[\"https:\\\/\\\/pilt.com.ar\\\/parque-industrial\\\/seis-proyectos-se-presentaron-para-ocupar-la-nave-para-emprendedores\\\/#respond\"]}]},{\"@type\":\"WebPage\",\"@id\":\"https:\\\/\\\/pilt.com.ar\\\/parque-industrial\\\/seis-proyectos-se-presentaron-para-ocupar-la-nave-para-emprendedores\\\/\",\"url\":\"https:\\\/\\\/pilt.com.ar\\\/parque-industrial\\\/seis-proyectos-se-presentaron-para-ocupar-la-nave-para-emprendedores\\\/\",\"name\":\"SEIS PROYECTOS SE PRESENTARON PARA OCUPAR LA NAVE PARA EMPRENDEDORES - PILT.com.ar\",\"isPartOf\":{\"@id\":\"https:\\\/\\\/pilt.com.ar\\\/parque-industrial\\\/#website\"},\"primaryImageOfPage\":{\"@id\":\"https:\\\/\\\/pilt.com.ar\\\/parque-industrial\\\/seis-proyectos-se-presentaron-para-ocupar-la-nave-para-emprendedores\\\/#primaryimage\"},\"image\":{\"@id\":\"https:\\\/\\\/pilt.com.ar\\\/parque-industrial\\\/seis-proyectos-se-presentaron-para-ocupar-la-nave-para-emprendedores\\\/#primaryimage\"},\"thumbnailUrl\":\"https:\\\/\\\/i0.wp.com\\\/pilt.com.ar\\\/parque-industrial\\\/wp-content\\\/uploads\\\/2021\\\/05\\\/WhatsApp-Image-2021-05-06-at-17.21.29.jpeg?fit=1280%2C1015&ssl=1\",\"datePublished\":\"2021-05-07T12:12:03+00:00\",\"dateModified\":\"2021-05-07T12:12:31+00:00\",\"author\":{\"@id\":\"https:\\\/\\\/pilt.com.ar\\\/parque-industrial\\\/#\\\/schema\\\/person\\\/2dfb9e2464de1c3deef20c25c30a8306\"},\"inLanguage\":\"es\",\"potentialAction\":[{\"@type\":\"ReadAction\",\"target\":[\"https:\\\/\\\/pilt.com.ar\\\/parque-industrial\\\/seis-proyectos-se-presentaron-para-ocupar-la-nave-para-emprendedores\\\/\"]}]},{\"@type\":\"ImageObject\",\"inLanguage\":\"es\",\"@id\":\"https:\\\/\\\/pilt.com.ar\\\/parque-industrial\\\/seis-proyectos-se-presentaron-para-ocupar-la-nave-para-emprendedores\\\/#primaryimage\",\"url\":\"https:\\\/\\\/i0.wp.com\\\/pilt.com.ar\\\/parque-industrial\\\/wp-content\\\/uploads\\\/2021\\\/05\\\/WhatsApp-Image-2021-05-06-at-17.21.29.jpeg?fit=1280%2C1015&ssl=1\",\"contentUrl\":\"https:\\\/\\\/i0.wp.com\\\/pilt.com.ar\\\/parque-industrial\\\/wp-content\\\/uploads\\\/2021\\\/05\\\/WhatsApp-Image-2021-05-06-at-17.21.29.jpeg?fit=1280%2C1015&ssl=1\",\"width\":1280,\"height\":1015},{\"@type\":\"WebSite\",\"@id\":\"https:\\\/\\\/pilt.com.ar\\\/parque-industrial\\\/#website\",\"url\":\"https:\\\/\\\/pilt.com.ar\\\/parque-industrial\\\/\",\"name\":\"PILT.com.ar\",\"description\":\"Parque Industrial, Log\u00edstico y Tecnol\u00f3gico Villa Mar\u00eda\",\"potentialAction\":[{\"@type\":\"SearchAction\",\"target\":{\"@type\":\"EntryPoint\",\"urlTemplate\":\"https:\\\/\\\/pilt.com.ar\\\/parque-industrial\\\/?s={search_term_string}\"},\"query-input\":{\"@type\":\"PropertyValueSpecification\",\"valueRequired\":true,\"valueName\":\"search_term_string\"}}],\"inLanguage\":\"es\"},{\"@type\":\"Person\",\"@id\":\"https:\\\/\\\/pilt.com.ar\\\/parque-industrial\\\/#\\\/schema\\\/person\\\/2dfb9e2464de1c3deef20c25c30a8306\",\"name\":\"PILT\",\"image\":{\"@type\":\"ImageObject\",\"inLanguage\":\"es\",\"@id\":\"https:\\\/\\\/secure.gravatar.com\\\/avatar\\\/5e3734c8d8c8e0b0d45f923c14a14d7b90521d573d02f0d91360a777095ee42b?s=96&d=mm&r=g\",\"url\":\"https:\\\/\\\/secure.gravatar.com\\\/avatar\\\/5e3734c8d8c8e0b0d45f923c14a14d7b90521d573d02f0d91360a777095ee42b?s=96&d=mm&r=g\",\"contentUrl\":\"https:\\\/\\\/secure.gravatar.com\\\/avatar\\\/5e3734c8d8c8e0b0d45f923c14a14d7b90521d573d02f0d91360a777095ee42b?s=96&d=mm&r=g\",\"caption\":\"PILT\"},\"url\":\"https:\\\/\\\/pilt.com.ar\\\/parque-industrial\\\/author\\\/pilt\\\/\"}]}<\/script>\n<!-- \/ Yoast SEO plugin. -->","yoast_head_json":{"title":"SEIS PROYECTOS SE PRESENTARON PARA OCUPAR LA NAVE PARA EMPRENDEDORES - PILT.com.ar","robots":{"index":"index","follow":"follow","max-snippet":"max-snippet:-1","max-image-preview":"max-image-preview:large","max-video-preview":"max-video-preview:-1"},"canonical":"https:\/\/pilt.com.ar\/parque-industrial\/seis-proyectos-se-presentaron-para-ocupar-la-nave-para-emprendedores\/","og_locale":"es_ES","og_type":"article","og_title":"SEIS PROYECTOS SE PRESENTARON PARA OCUPAR LA NAVE PARA EMPRENDEDORES - PILT.com.ar","og_description":"La mayor\u00eda corresponde al rubro de la construcci\u00f3n. Tambi\u00e9n se propusieron desarrollos agroindustriales y de software. Innovadores proyectos fueron propuestos para formar parte del Programa Nave para Emprendedores del Parque Industrial, Log\u00edstico y Tecnol\u00f3gico Villa Mar\u00eda (PILT), que brinda un espacio f\u00edsico con todas las comodidades para llevar adelante actividades productivas. Adem\u00e1s, las empresas que [&hellip;]","og_url":"https:\/\/pilt.com.ar\/parque-industrial\/seis-proyectos-se-presentaron-para-ocupar-la-nave-para-emprendedores\/","og_site_name":"PILT.com.ar","article_published_time":"2021-05-07T12:12:03+00:00","article_modified_time":"2021-05-07T12:12:31+00:00","og_image":[{"width":1280,"height":1015,"url":"https:\/\/i0.wp.com\/pilt.com.ar\/parque-industrial\/wp-content\/uploads\/2021\/05\/WhatsApp-Image-2021-05-06-at-17.21.29.jpeg?fit=1280%2C1015&ssl=1","type":"image\/jpeg"}],"author":"PILT","twitter_card":"summary_large_image","twitter_misc":{"Escrito por":"PILT","Tiempo de lectura":"2 minutos"},"schema":{"@context":"https:\/\/schema.org","@graph":[{"@type":"Article","@id":"https:\/\/pilt.com.ar\/parque-industrial\/seis-proyectos-se-presentaron-para-ocupar-la-nave-para-emprendedores\/#article","isPartOf":{"@id":"https:\/\/pilt.com.ar\/parque-industrial\/seis-proyectos-se-presentaron-para-ocupar-la-nave-para-emprendedores\/"},"author":{"name":"PILT","@id":"https:\/\/pilt.com.ar\/parque-industrial\/#\/schema\/person\/2dfb9e2464de1c3deef20c25c30a8306"},"headline":"SEIS PROYECTOS SE PRESENTARON PARA OCUPAR LA NAVE PARA EMPRENDEDORES","datePublished":"2021-05-07T12:12:03+00:00","dateModified":"2021-05-07T12:12:31+00:00","mainEntityOfPage":{"@id":"https:\/\/pilt.com.ar\/parque-industrial\/seis-proyectos-se-presentaron-para-ocupar-la-nave-para-emprendedores\/"},"wordCount":474,"commentCount":0,"image":{"@id":"https:\/\/pilt.com.ar\/parque-industrial\/seis-proyectos-se-presentaron-para-ocupar-la-nave-para-emprendedores\/#primaryimage"},"thumbnailUrl":"https:\/\/i0.wp.com\/pilt.com.ar\/parque-industrial\/wp-content\/uploads\/2021\/05\/WhatsApp-Image-2021-05-06-at-17.21.29.jpeg?fit=1280%2C1015&ssl=1","articleSection":["Noticias"],"inLanguage":"es","potentialAction":[{"@type":"CommentAction","name":"Comment","target":["https:\/\/pilt.com.ar\/parque-industrial\/seis-proyectos-se-presentaron-para-ocupar-la-nave-para-emprendedores\/#respond"]}]},{"@type":"WebPage","@id":"https:\/\/pilt.com.ar\/parque-industrial\/seis-proyectos-se-presentaron-para-ocupar-la-nave-para-emprendedores\/","url":"https:\/\/pilt.com.ar\/parque-industrial\/seis-proyectos-se-presentaron-para-ocupar-la-nave-para-emprendedores\/","name":"SEIS PROYECTOS SE PRESENTARON PARA OCUPAR LA NAVE PARA EMPRENDEDORES - PILT.com.ar","isPartOf":{"@id":"https:\/\/pilt.com.ar\/parque-industrial\/#website"},"primaryImageOfPage":{"@id":"https:\/\/pilt.com.ar\/parque-industrial\/seis-proyectos-se-presentaron-para-ocupar-la-nave-para-emprendedores\/#primaryimage"},"image":{"@id":"https:\/\/pilt.com.ar\/parque-industrial\/seis-proyectos-se-presentaron-para-ocupar-la-nave-para-emprendedores\/#primaryimage"},"thumbnailUrl":"https:\/\/i0.wp.com\/pilt.com.ar\/parque-industrial\/wp-content\/uploads\/2021\/05\/WhatsApp-Image-2021-05-06-at-17.21.29.jpeg?fit=1280%2C1015&ssl=1","datePublished":"2021-05-07T12:12:03+00:00","dateModified":"2021-05-07T12:12:31+00:00","author":{"@id":"https:\/\/pilt.com.ar\/parque-industrial\/#\/schema\/person\/2dfb9e2464de1c3deef20c25c30a8306"},"inLanguage":"es","potentialAction":[{"@type":"ReadAction","target":["https:\/\/pilt.com.ar\/parque-industrial\/seis-proyectos-se-presentaron-para-ocupar-la-nave-para-emprendedores\/"]}]},{"@type":"ImageObject","inLanguage":"es","@id":"https:\/\/pilt.com.ar\/parque-industrial\/seis-proyectos-se-presentaron-para-ocupar-la-nave-para-emprendedores\/#primaryimage","url":"https:\/\/i0.wp.com\/pilt.com.ar\/parque-industrial\/wp-content\/uploads\/2021\/05\/WhatsApp-Image-2021-05-06-at-17.21.29.jpeg?fit=1280%2C1015&ssl=1","contentUrl":"https:\/\/i0.wp.com\/pilt.com.ar\/parque-industrial\/wp-content\/uploads\/2021\/05\/WhatsApp-Image-2021-05-06-at-17.21.29.jpeg?fit=1280%2C1015&ssl=1","width":1280,"height":1015},{"@type":"WebSite","@id":"https:\/\/pilt.com.ar\/parque-industrial\/#website","url":"https:\/\/pilt.com.ar\/parque-industrial\/","name":"PILT.com.ar","description":"Parque Industrial, Log\u00edstico y Tecnol\u00f3gico Villa Mar\u00eda","potentialAction":[{"@type":"SearchAction","target":{"@type":"EntryPoint","urlTemplate":"https:\/\/pilt.com.ar\/parque-industrial\/?s={search_term_string}"},"query-input":{"@type":"PropertyValueSpecification","valueRequired":true,"valueName":"search_term_string"}}],"inLanguage":"es"},{"@type":"Person","@id":"https:\/\/pilt.com.ar\/parque-industrial\/#\/schema\/person\/2dfb9e2464de1c3deef20c25c30a8306","name":"PILT","image":{"@type":"ImageObject","inLanguage":"es","@id":"https:\/\/secure.gravatar.com\/avatar\/5e3734c8d8c8e0b0d45f923c14a14d7b90521d573d02f0d91360a777095ee42b?s=96&d=mm&r=g","url":"https:\/\/secure.gravatar.com\/avatar\/5e3734c8d8c8e0b0d45f923c14a14d7b90521d573d02f0d91360a777095ee42b?s=96&d=mm&r=g","contentUrl":"https:\/\/secure.gravatar.com\/avatar\/5e3734c8d8c8e0b0d45f923c14a14d7b90521d573d02f0d91360a777095ee42b?s=96&d=mm&r=g","caption":"PILT"},"url":"https:\/\/pilt.com.ar\/parque-industrial\/author\/pilt\/"}]}},"jetpack_featured_media_url":"https:\/\/i0.wp.com\/pilt.com.ar\/parque-industrial\/wp-content\/uploads\/2021\/05\/WhatsApp-Image-2021-05-06-at-17.21.29.jpeg?fit=1280%2C1015&ssl=1","jetpack_sharing_enabled":true,"_links":{"self":[{"href":"https:\/\/pilt.com.ar\/parque-industrial\/wp-json\/wp\/v2\/posts\/1857","targetHints":{"allow":["GET"]}}],"collection":[{"href":"https:\/\/pilt.com.ar\/parque-industrial\/wp-json\/wp\/v2\/posts"}],"about":[{"href":"https:\/\/pilt.com.ar\/parque-industrial\/wp-json\/wp\/v2\/types\/post"}],"author":[{"embeddable":true,"href":"https:\/\/pilt.com.ar\/parque-industrial\/wp-json\/wp\/v2\/users\/3"}],"replies":[{"embeddable":true,"href":"https:\/\/pilt.com.ar\/parque-industrial\/wp-json\/wp\/v2\/comments?post=1857"}],"version-history":[{"count":1,"href":"https:\/\/pilt.com.ar\/parque-industrial\/wp-json\/wp\/v2\/posts\/1857\/revisions"}],"predecessor-version":[{"id":1859,"href":"https:\/\/pilt.com.ar\/parque-industrial\/wp-json\/wp\/v2\/posts\/1857\/revisions\/1859"}],"wp:featuredmedia":[{"embeddable":true,"href":"https:\/\/pilt.com.ar\/parque-industrial\/wp-json\/wp\/v2\/media\/1858"}],"wp:attachment":[{"href":"https:\/\/pilt.com.ar\/parque-industrial\/wp-json\/wp\/v2\/media?parent=1857"}],"wp:term":[{"taxonomy":"category","embeddable":true,"href":"https:\/\/pilt.com.ar\/parque-industrial\/wp-json\/wp\/v2\/categories?post=1857"},{"taxonomy":"post_tag","embeddable":true,"href":"https:\/\/pilt.com.ar\/parque-industrial\/wp-json\/wp\/v2\/tags?post=1857"}],"curies":[{"name":"wp","href":"https:\/\/api.w.org\/{rel}","templated":true}]}}