{"id":1852,"date":"2021-04-30T10:33:09","date_gmt":"2021-04-30T13:33:09","guid":{"rendered":"https:\/\/pilt.com.ar\/parque-industrial\/?p=1852"},"modified":"2021-05-04T15:34:17","modified_gmt":"2021-05-04T18:34:17","slug":"industrias-magno-la-primera-en-instalarse-en-la-nave-para-emprendedores","status":"publish","type":"post","link":"https:\/\/pilt.com.ar\/parque-industrial\/industrias-magno-la-primera-en-instalarse-en-la-nave-para-emprendedores\/","title":{"rendered":"INDUSTRIAS MAGNO: LA PRIMERA EN INSTALARSE EN LA NAVE PARA EMPRENDEDORES"},"content":{"rendered":"\n<p class=\"has-text-align-center\"><strong><em>Se trata de un desarrollo innovador, impulsado por tres profesionales egresados de la UTN Villa Mar\u00eda. Crearon un equipo que facilita el trabajo con los terneros en los tambos.<\/em><\/strong><\/p>\n\n\n\n<p class=\"has-text-align-justify\">La empresa Industrias Magno fue una de las seleccionadas en la primera convocatoria (hoy cierra la segunda) para formar parte del Programa Nave para Emprendedores del Parque Industrial, Log\u00edstico y Tecnol\u00f3gico Villa Mar\u00eda (PILT) y r\u00e1pidamente pas\u00f3 a ocupar el espacio concedido.<\/p>\n\n\n\n<p class=\"has-text-align-justify\">El emprendimiento est\u00e1 conformado por tres ingenieros recibidos en la Facultad Regional Villa Mar\u00eda de la Universidad Tecnol\u00f3gica Nacional: Diego Audano y Gonzalo Moreno, ingenieros mec\u00e1nicos; y Marcelo Coppari, ingeniero electr\u00f3nico.<\/p>\n\n\n\n<p class=\"has-text-align-justify\">Hijo de tambero, Audano conoc\u00eda las problem\u00e1ticas que presenta el trabajo diario en esos establecimientos. \u201cHay cuestiones que con tecnolog\u00edas muy sencillas se pueden solucionar; pero faltaba esa conexi\u00f3n de los dos mundos, la parte t\u00e9cnica, de innovaci\u00f3n, y lo que se vive en el campo. Para nosotros cada problema en el campo es una oportunidad; tratamos de detectar posibilidades para, con innovaciones simples, solucionar un problema complejo y agregar valor\u201d, afirm\u00f3.<\/p>\n\n\n\n<p class=\"has-text-align-justify\">A partir de esa mirada surgi\u00f3 el e-Milk, un interesante desarrollo que est\u00e1 llevando adelante.<\/p>\n\n\n\n<p class=\"has-text-align-justify\">\u201cEs un equipo que sirve para distribuir y pasteurizar la leche que sale desde el tambo hacia las guacheras, es decir, la que se les da a los terneros. Su versatilidad le ayuda al operario a realizar la tarea en menor tiempo, brind\u00e1ndole mayor calidad de trabajo. Tiene un eje el\u00e9ctrico, por lo tanto el esfuerzo es m\u00ednimo y reduce el tiempo\u201d, sostuvo Audano.<\/p>\n\n\n\n<p class=\"has-text-align-justify\">Adem\u00e1s, indic\u00f3 que pasteurizar la leche es importante porque ayuda a prevenir enfermedades. \u201cUn rodeo puede tener vacas en saneamiento y esta es un forma para evitar transmitir esas enfermedades a las terneras, que son las futuras vacas de los tambos; la reposici\u00f3n. Si ocurre puede generar un efecto econ\u00f3mico muy adverso\u201d.<\/p>\n\n\n\n<p><strong>Visibilidad<\/strong><\/p>\n\n\n\n<p class=\"has-text-align-justify\">Acostumbrados a buscar oportunidades, cuando surgi\u00f3 la posibilidad de ingresar a la Nave para Emprendedores no dudaron.<\/p>\n\n\n\n<p class=\"has-text-align-justify\">\u201cPara nosotros quedar seleccionados en el PILT y ocupar un lugar en este espacio es un espaldarazo muy grande; sirve para darle mayor visibilidad a nuestro proyecto. Las instalaciones son ideales para lo que necesitamos, as\u00ed que realmente estamos muy agradecidos por haber quedado\u201d, manifest\u00f3 el emprendedor.<\/p>\n\n\n\n<p><strong>Mercado<\/strong><\/p>\n\n\n\n<p class=\"has-text-align-justify\">En industrias Magno la prioridad actual es el mercado interno, particularmente C\u00f3rdoba, Buenos Aires y Santa Fe (principales provincias lecheras), en donde vendieron m\u00e1s de 30 equipos desde febrero del a\u00f1o pasado, cuando iniciaron la comercializaci\u00f3n. Igualmente, para el presente a\u00f1o la intenci\u00f3n es exportar. Uruguay y Paraguay son los mercados a los que se van a enfocar.<\/p>\n","protected":false},"excerpt":{"rendered":"<p>Se trata de un desarrollo innovador, impulsado por tres profesionales egresados de la UTN Villa Mar\u00eda. Crearon un equipo que facilita el trabajo con los terneros en los tambos. La empresa Industrias Magno fue una de las seleccionadas en la primera convocatoria (hoy cierra la segunda) para formar parte del Programa Nave para Emprendedores del [&hellip;]<\/p>\n","protected":false},"author":3,"featured_media":1854,"comment_status":"open","ping_status":"open","sticky":false,"template":"","format":"standard","meta":{"_jetpack_memberships_contains_paid_content":false,"footnotes":""},"categories":[2],"tags":[],"class_list":["post-1852","post","type-post","status-publish","format-standard","has-post-thumbnail","hentry","category-noticias"],"yoast_head":"<!-- This site is optimized with the Yoast SEO plugin v27.5 - https:\/\/yoast.com\/product\/yoast-seo-wordpress\/ -->\n<title>INDUSTRIAS MAGNO: LA PRIMERA EN INSTALARSE EN LA NAVE PARA EMPRENDEDORES - PILT.com.ar<\/title>\n<meta name=\"robots\" content=\"index, follow, max-snippet:-1, max-image-preview:large, max-video-preview:-1\" \/>\n<link rel=\"canonical\" href=\"https:\/\/pilt.com.ar\/parque-industrial\/industrias-magno-la-primera-en-instalarse-en-la-nave-para-emprendedores\/\" \/>\n<meta property=\"og:locale\" content=\"es_ES\" \/>\n<meta property=\"og:type\" content=\"article\" \/>\n<meta property=\"og:title\" content=\"INDUSTRIAS MAGNO: LA PRIMERA EN INSTALARSE EN LA NAVE PARA EMPRENDEDORES - PILT.com.ar\" \/>\n<meta property=\"og:description\" content=\"Se trata de un desarrollo innovador, impulsado por tres profesionales egresados de la UTN Villa Mar\u00eda. Crearon un equipo que facilita el trabajo con los terneros en los tambos. La empresa Industrias Magno fue una de las seleccionadas en la primera convocatoria (hoy cierra la segunda) para formar parte del Programa Nave para Emprendedores del [&hellip;]\" \/>\n<meta property=\"og:url\" content=\"https:\/\/pilt.com.ar\/parque-industrial\/industrias-magno-la-primera-en-instalarse-en-la-nave-para-emprendedores\/\" \/>\n<meta property=\"og:site_name\" content=\"PILT.com.ar\" \/>\n<meta property=\"article:published_time\" content=\"2021-04-30T13:33:09+00:00\" \/>\n<meta property=\"article:modified_time\" content=\"2021-05-04T18:34:17+00:00\" \/>\n<meta property=\"og:image\" content=\"https:\/\/i0.wp.com\/pilt.com.ar\/parque-industrial\/wp-content\/uploads\/2021\/04\/WhatsApp-Image-2021-04-29-at-14.03.51.jpeg?fit=1280%2C1071&ssl=1\" \/>\n\t<meta property=\"og:image:width\" content=\"1280\" \/>\n\t<meta property=\"og:image:height\" content=\"1071\" \/>\n\t<meta property=\"og:image:type\" content=\"image\/jpeg\" \/>\n<meta name=\"author\" content=\"PILT\" \/>\n<meta name=\"twitter:card\" content=\"summary_large_image\" \/>\n<meta name=\"twitter:label1\" content=\"Escrito por\" \/>\n\t<meta name=\"twitter:data1\" content=\"PILT\" \/>\n\t<meta name=\"twitter:label2\" content=\"Tiempo de lectura\" \/>\n\t<meta name=\"twitter:data2\" content=\"2 minutos\" \/>\n<script type=\"application\/ld+json\" class=\"yoast-schema-graph\">{\"@context\":\"https:\\\/\\\/schema.org\",\"@graph\":[{\"@type\":\"Article\",\"@id\":\"https:\\\/\\\/pilt.com.ar\\\/parque-industrial\\\/industrias-magno-la-primera-en-instalarse-en-la-nave-para-emprendedores\\\/#article\",\"isPartOf\":{\"@id\":\"https:\\\/\\\/pilt.com.ar\\\/parque-industrial\\\/industrias-magno-la-primera-en-instalarse-en-la-nave-para-emprendedores\\\/\"},\"author\":{\"name\":\"PILT\",\"@id\":\"https:\\\/\\\/pilt.com.ar\\\/parque-industrial\\\/#\\\/schema\\\/person\\\/2dfb9e2464de1c3deef20c25c30a8306\"},\"headline\":\"INDUSTRIAS MAGNO: LA PRIMERA EN INSTALARSE EN LA NAVE PARA EMPRENDEDORES\",\"datePublished\":\"2021-04-30T13:33:09+00:00\",\"dateModified\":\"2021-05-04T18:34:17+00:00\",\"mainEntityOfPage\":{\"@id\":\"https:\\\/\\\/pilt.com.ar\\\/parque-industrial\\\/industrias-magno-la-primera-en-instalarse-en-la-nave-para-emprendedores\\\/\"},\"wordCount\":466,\"commentCount\":0,\"image\":{\"@id\":\"https:\\\/\\\/pilt.com.ar\\\/parque-industrial\\\/industrias-magno-la-primera-en-instalarse-en-la-nave-para-emprendedores\\\/#primaryimage\"},\"thumbnailUrl\":\"https:\\\/\\\/i0.wp.com\\\/pilt.com.ar\\\/parque-industrial\\\/wp-content\\\/uploads\\\/2021\\\/04\\\/WhatsApp-Image-2021-04-29-at-14.03.51.jpeg?fit=1280%2C1071&ssl=1\",\"articleSection\":[\"Noticias\"],\"inLanguage\":\"es\",\"potentialAction\":[{\"@type\":\"CommentAction\",\"name\":\"Comment\",\"target\":[\"https:\\\/\\\/pilt.com.ar\\\/parque-industrial\\\/industrias-magno-la-primera-en-instalarse-en-la-nave-para-emprendedores\\\/#respond\"]}]},{\"@type\":\"WebPage\",\"@id\":\"https:\\\/\\\/pilt.com.ar\\\/parque-industrial\\\/industrias-magno-la-primera-en-instalarse-en-la-nave-para-emprendedores\\\/\",\"url\":\"https:\\\/\\\/pilt.com.ar\\\/parque-industrial\\\/industrias-magno-la-primera-en-instalarse-en-la-nave-para-emprendedores\\\/\",\"name\":\"INDUSTRIAS MAGNO: LA PRIMERA EN INSTALARSE EN LA NAVE PARA EMPRENDEDORES - PILT.com.ar\",\"isPartOf\":{\"@id\":\"https:\\\/\\\/pilt.com.ar\\\/parque-industrial\\\/#website\"},\"primaryImageOfPage\":{\"@id\":\"https:\\\/\\\/pilt.com.ar\\\/parque-industrial\\\/industrias-magno-la-primera-en-instalarse-en-la-nave-para-emprendedores\\\/#primaryimage\"},\"image\":{\"@id\":\"https:\\\/\\\/pilt.com.ar\\\/parque-industrial\\\/industrias-magno-la-primera-en-instalarse-en-la-nave-para-emprendedores\\\/#primaryimage\"},\"thumbnailUrl\":\"https:\\\/\\\/i0.wp.com\\\/pilt.com.ar\\\/parque-industrial\\\/wp-content\\\/uploads\\\/2021\\\/04\\\/WhatsApp-Image-2021-04-29-at-14.03.51.jpeg?fit=1280%2C1071&ssl=1\",\"datePublished\":\"2021-04-30T13:33:09+00:00\",\"dateModified\":\"2021-05-04T18:34:17+00:00\",\"author\":{\"@id\":\"https:\\\/\\\/pilt.com.ar\\\/parque-industrial\\\/#\\\/schema\\\/person\\\/2dfb9e2464de1c3deef20c25c30a8306\"},\"inLanguage\":\"es\",\"potentialAction\":[{\"@type\":\"ReadAction\",\"target\":[\"https:\\\/\\\/pilt.com.ar\\\/parque-industrial\\\/industrias-magno-la-primera-en-instalarse-en-la-nave-para-emprendedores\\\/\"]}]},{\"@type\":\"ImageObject\",\"inLanguage\":\"es\",\"@id\":\"https:\\\/\\\/pilt.com.ar\\\/parque-industrial\\\/industrias-magno-la-primera-en-instalarse-en-la-nave-para-emprendedores\\\/#primaryimage\",\"url\":\"https:\\\/\\\/i0.wp.com\\\/pilt.com.ar\\\/parque-industrial\\\/wp-content\\\/uploads\\\/2021\\\/04\\\/WhatsApp-Image-2021-04-29-at-14.03.51.jpeg?fit=1280%2C1071&ssl=1\",\"contentUrl\":\"https:\\\/\\\/i0.wp.com\\\/pilt.com.ar\\\/parque-industrial\\\/wp-content\\\/uploads\\\/2021\\\/04\\\/WhatsApp-Image-2021-04-29-at-14.03.51.jpeg?fit=1280%2C1071&ssl=1\",\"width\":1280,\"height\":1071},{\"@type\":\"WebSite\",\"@id\":\"https:\\\/\\\/pilt.com.ar\\\/parque-industrial\\\/#website\",\"url\":\"https:\\\/\\\/pilt.com.ar\\\/parque-industrial\\\/\",\"name\":\"PILT.com.ar\",\"description\":\"Parque Industrial, Log\u00edstico y Tecnol\u00f3gico Villa Mar\u00eda\",\"potentialAction\":[{\"@type\":\"SearchAction\",\"target\":{\"@type\":\"EntryPoint\",\"urlTemplate\":\"https:\\\/\\\/pilt.com.ar\\\/parque-industrial\\\/?s={search_term_string}\"},\"query-input\":{\"@type\":\"PropertyValueSpecification\",\"valueRequired\":true,\"valueName\":\"search_term_string\"}}],\"inLanguage\":\"es\"},{\"@type\":\"Person\",\"@id\":\"https:\\\/\\\/pilt.com.ar\\\/parque-industrial\\\/#\\\/schema\\\/person\\\/2dfb9e2464de1c3deef20c25c30a8306\",\"name\":\"PILT\",\"image\":{\"@type\":\"ImageObject\",\"inLanguage\":\"es\",\"@id\":\"https:\\\/\\\/secure.gravatar.com\\\/avatar\\\/5e3734c8d8c8e0b0d45f923c14a14d7b90521d573d02f0d91360a777095ee42b?s=96&d=mm&r=g\",\"url\":\"https:\\\/\\\/secure.gravatar.com\\\/avatar\\\/5e3734c8d8c8e0b0d45f923c14a14d7b90521d573d02f0d91360a777095ee42b?s=96&d=mm&r=g\",\"contentUrl\":\"https:\\\/\\\/secure.gravatar.com\\\/avatar\\\/5e3734c8d8c8e0b0d45f923c14a14d7b90521d573d02f0d91360a777095ee42b?s=96&d=mm&r=g\",\"caption\":\"PILT\"},\"url\":\"https:\\\/\\\/pilt.com.ar\\\/parque-industrial\\\/author\\\/pilt\\\/\"}]}<\/script>\n<!-- \/ Yoast SEO plugin. -->","yoast_head_json":{"title":"INDUSTRIAS MAGNO: LA PRIMERA EN INSTALARSE EN LA NAVE PARA EMPRENDEDORES - PILT.com.ar","robots":{"index":"index","follow":"follow","max-snippet":"max-snippet:-1","max-image-preview":"max-image-preview:large","max-video-preview":"max-video-preview:-1"},"canonical":"https:\/\/pilt.com.ar\/parque-industrial\/industrias-magno-la-primera-en-instalarse-en-la-nave-para-emprendedores\/","og_locale":"es_ES","og_type":"article","og_title":"INDUSTRIAS MAGNO: LA PRIMERA EN INSTALARSE EN LA NAVE PARA EMPRENDEDORES - PILT.com.ar","og_description":"Se trata de un desarrollo innovador, impulsado por tres profesionales egresados de la UTN Villa Mar\u00eda. Crearon un equipo que facilita el trabajo con los terneros en los tambos. La empresa Industrias Magno fue una de las seleccionadas en la primera convocatoria (hoy cierra la segunda) para formar parte del Programa Nave para Emprendedores del [&hellip;]","og_url":"https:\/\/pilt.com.ar\/parque-industrial\/industrias-magno-la-primera-en-instalarse-en-la-nave-para-emprendedores\/","og_site_name":"PILT.com.ar","article_published_time":"2021-04-30T13:33:09+00:00","article_modified_time":"2021-05-04T18:34:17+00:00","og_image":[{"width":1280,"height":1071,"url":"https:\/\/i0.wp.com\/pilt.com.ar\/parque-industrial\/wp-content\/uploads\/2021\/04\/WhatsApp-Image-2021-04-29-at-14.03.51.jpeg?fit=1280%2C1071&ssl=1","type":"image\/jpeg"}],"author":"PILT","twitter_card":"summary_large_image","twitter_misc":{"Escrito por":"PILT","Tiempo de lectura":"2 minutos"},"schema":{"@context":"https:\/\/schema.org","@graph":[{"@type":"Article","@id":"https:\/\/pilt.com.ar\/parque-industrial\/industrias-magno-la-primera-en-instalarse-en-la-nave-para-emprendedores\/#article","isPartOf":{"@id":"https:\/\/pilt.com.ar\/parque-industrial\/industrias-magno-la-primera-en-instalarse-en-la-nave-para-emprendedores\/"},"author":{"name":"PILT","@id":"https:\/\/pilt.com.ar\/parque-industrial\/#\/schema\/person\/2dfb9e2464de1c3deef20c25c30a8306"},"headline":"INDUSTRIAS MAGNO: LA PRIMERA EN INSTALARSE EN LA NAVE PARA EMPRENDEDORES","datePublished":"2021-04-30T13:33:09+00:00","dateModified":"2021-05-04T18:34:17+00:00","mainEntityOfPage":{"@id":"https:\/\/pilt.com.ar\/parque-industrial\/industrias-magno-la-primera-en-instalarse-en-la-nave-para-emprendedores\/"},"wordCount":466,"commentCount":0,"image":{"@id":"https:\/\/pilt.com.ar\/parque-industrial\/industrias-magno-la-primera-en-instalarse-en-la-nave-para-emprendedores\/#primaryimage"},"thumbnailUrl":"https:\/\/i0.wp.com\/pilt.com.ar\/parque-industrial\/wp-content\/uploads\/2021\/04\/WhatsApp-Image-2021-04-29-at-14.03.51.jpeg?fit=1280%2C1071&ssl=1","articleSection":["Noticias"],"inLanguage":"es","potentialAction":[{"@type":"CommentAction","name":"Comment","target":["https:\/\/pilt.com.ar\/parque-industrial\/industrias-magno-la-primera-en-instalarse-en-la-nave-para-emprendedores\/#respond"]}]},{"@type":"WebPage","@id":"https:\/\/pilt.com.ar\/parque-industrial\/industrias-magno-la-primera-en-instalarse-en-la-nave-para-emprendedores\/","url":"https:\/\/pilt.com.ar\/parque-industrial\/industrias-magno-la-primera-en-instalarse-en-la-nave-para-emprendedores\/","name":"INDUSTRIAS MAGNO: LA PRIMERA EN INSTALARSE EN LA NAVE PARA EMPRENDEDORES - PILT.com.ar","isPartOf":{"@id":"https:\/\/pilt.com.ar\/parque-industrial\/#website"},"primaryImageOfPage":{"@id":"https:\/\/pilt.com.ar\/parque-industrial\/industrias-magno-la-primera-en-instalarse-en-la-nave-para-emprendedores\/#primaryimage"},"image":{"@id":"https:\/\/pilt.com.ar\/parque-industrial\/industrias-magno-la-primera-en-instalarse-en-la-nave-para-emprendedores\/#primaryimage"},"thumbnailUrl":"https:\/\/i0.wp.com\/pilt.com.ar\/parque-industrial\/wp-content\/uploads\/2021\/04\/WhatsApp-Image-2021-04-29-at-14.03.51.jpeg?fit=1280%2C1071&ssl=1","datePublished":"2021-04-30T13:33:09+00:00","dateModified":"2021-05-04T18:34:17+00:00","author":{"@id":"https:\/\/pilt.com.ar\/parque-industrial\/#\/schema\/person\/2dfb9e2464de1c3deef20c25c30a8306"},"inLanguage":"es","potentialAction":[{"@type":"ReadAction","target":["https:\/\/pilt.com.ar\/parque-industrial\/industrias-magno-la-primera-en-instalarse-en-la-nave-para-emprendedores\/"]}]},{"@type":"ImageObject","inLanguage":"es","@id":"https:\/\/pilt.com.ar\/parque-industrial\/industrias-magno-la-primera-en-instalarse-en-la-nave-para-emprendedores\/#primaryimage","url":"https:\/\/i0.wp.com\/pilt.com.ar\/parque-industrial\/wp-content\/uploads\/2021\/04\/WhatsApp-Image-2021-04-29-at-14.03.51.jpeg?fit=1280%2C1071&ssl=1","contentUrl":"https:\/\/i0.wp.com\/pilt.com.ar\/parque-industrial\/wp-content\/uploads\/2021\/04\/WhatsApp-Image-2021-04-29-at-14.03.51.jpeg?fit=1280%2C1071&ssl=1","width":1280,"height":1071},{"@type":"WebSite","@id":"https:\/\/pilt.com.ar\/parque-industrial\/#website","url":"https:\/\/pilt.com.ar\/parque-industrial\/","name":"PILT.com.ar","description":"Parque Industrial, Log\u00edstico y Tecnol\u00f3gico Villa Mar\u00eda","potentialAction":[{"@type":"SearchAction","target":{"@type":"EntryPoint","urlTemplate":"https:\/\/pilt.com.ar\/parque-industrial\/?s={search_term_string}"},"query-input":{"@type":"PropertyValueSpecification","valueRequired":true,"valueName":"search_term_string"}}],"inLanguage":"es"},{"@type":"Person","@id":"https:\/\/pilt.com.ar\/parque-industrial\/#\/schema\/person\/2dfb9e2464de1c3deef20c25c30a8306","name":"PILT","image":{"@type":"ImageObject","inLanguage":"es","@id":"https:\/\/secure.gravatar.com\/avatar\/5e3734c8d8c8e0b0d45f923c14a14d7b90521d573d02f0d91360a777095ee42b?s=96&d=mm&r=g","url":"https:\/\/secure.gravatar.com\/avatar\/5e3734c8d8c8e0b0d45f923c14a14d7b90521d573d02f0d91360a777095ee42b?s=96&d=mm&r=g","contentUrl":"https:\/\/secure.gravatar.com\/avatar\/5e3734c8d8c8e0b0d45f923c14a14d7b90521d573d02f0d91360a777095ee42b?s=96&d=mm&r=g","caption":"PILT"},"url":"https:\/\/pilt.com.ar\/parque-industrial\/author\/pilt\/"}]}},"jetpack_featured_media_url":"https:\/\/i0.wp.com\/pilt.com.ar\/parque-industrial\/wp-content\/uploads\/2021\/04\/WhatsApp-Image-2021-04-29-at-14.03.51.jpeg?fit=1280%2C1071&ssl=1","jetpack_sharing_enabled":true,"_links":{"self":[{"href":"https:\/\/pilt.com.ar\/parque-industrial\/wp-json\/wp\/v2\/posts\/1852","targetHints":{"allow":["GET"]}}],"collection":[{"href":"https:\/\/pilt.com.ar\/parque-industrial\/wp-json\/wp\/v2\/posts"}],"about":[{"href":"https:\/\/pilt.com.ar\/parque-industrial\/wp-json\/wp\/v2\/types\/post"}],"author":[{"embeddable":true,"href":"https:\/\/pilt.com.ar\/parque-industrial\/wp-json\/wp\/v2\/users\/3"}],"replies":[{"embeddable":true,"href":"https:\/\/pilt.com.ar\/parque-industrial\/wp-json\/wp\/v2\/comments?post=1852"}],"version-history":[{"count":2,"href":"https:\/\/pilt.com.ar\/parque-industrial\/wp-json\/wp\/v2\/posts\/1852\/revisions"}],"predecessor-version":[{"id":1856,"href":"https:\/\/pilt.com.ar\/parque-industrial\/wp-json\/wp\/v2\/posts\/1852\/revisions\/1856"}],"wp:featuredmedia":[{"embeddable":true,"href":"https:\/\/pilt.com.ar\/parque-industrial\/wp-json\/wp\/v2\/media\/1854"}],"wp:attachment":[{"href":"https:\/\/pilt.com.ar\/parque-industrial\/wp-json\/wp\/v2\/media?parent=1852"}],"wp:term":[{"taxonomy":"category","embeddable":true,"href":"https:\/\/pilt.com.ar\/parque-industrial\/wp-json\/wp\/v2\/categories?post=1852"},{"taxonomy":"post_tag","embeddable":true,"href":"https:\/\/pilt.com.ar\/parque-industrial\/wp-json\/wp\/v2\/tags?post=1852"}],"curies":[{"name":"wp","href":"https:\/\/api.w.org\/{rel}","templated":true}]}}